{"id":2682,"date":"2024-07-27T08:52:59","date_gmt":"2024-07-27T11:52:59","guid":{"rendered":"https:\/\/campusff.ms.gba.gov.ar\/comunidaddea-ff\/?p=2682"},"modified":"2024-07-30T11:02:08","modified_gmt":"2024-07-30T14:02:08","slug":"resumen-semanal-de-radio-floreal-5","status":"publish","type":"post","link":"https:\/\/campusff.ms.gba.gov.ar\/comunidaddea-ff\/2024\/07\/27\/resumen-semanal-de-radio-floreal-5\/","title":{"rendered":"Resumen semanal de Radio Floreal #5"},"content":{"rendered":"\n<p><em>Resumen semanal de Radio Floreal \u2013 Semana 22\/07\/2024<\/em><\/p>\n\n\n\n<p><strong>Volv\u00e9 a escuchar los programas de la semana de Radio Floreal<\/strong><\/p>\n\n\n\n<p><a href=\"https:\/\/go.ivoox.com\/rf\/132097086\" data-type=\"link\" data-id=\"https:\/\/go.ivoox.com\/rf\/132097086\"><strong>Floreal Mensajero \u2013 Lunes 11 AM.<\/strong>&nbsp;<\/a>&nbsp;Reviv\u00ed las noticias de salud m\u00e1s importantes de la semana: invierno cuidado, novedades de la Escuela, notas del Examen \u00danico de Residencias, entre otras.<\/p>\n\n\n\n<p><a href=\"https:\/\/go.ivoox.com\/rf\/132097520\" data-type=\"link\" data-id=\"https:\/\/go.ivoox.com\/rf\/132097520\"><strong>Bibliograf\u00eda obligatoria&nbsp;<\/strong>\u2013&nbsp;<strong>Martes 11 AM.<\/strong><\/a>&nbsp;Dialogamos con Clara Vernet: Licenciada en Comunicaci\u00f3n Social (UNLP). Peticionaria ante el Comit\u00e9 Especial de Descolonizaci\u00f3n (C-24) de la Organizaci\u00f3n de Naciones Unidas (ONU) junio de 2022. Descendiente de Luis Vernet, primer Comandante Pol\u00edtico y Militar de las Islas Malvinas y adyacentes al Cabo de Hornos. Co editora del libro \u201cMalvinas, mi casa. V\u00edsperas, Diario de Mar\u00eda S\u00e1ez de Vernet y Apostillas\u201d de Marcelo Luis Vernet.<\/p>\n\n\n\n<p><a href=\"https:\/\/go.ivoox.com\/rf\/132099066\" data-type=\"link\" data-id=\"https:\/\/go.ivoox.com\/rf\/132099066\"><strong>DiploMate\u00a0<\/strong>\u2013\u00a0<strong>Mi\u00e9rcoles 11 AM<\/strong><\/a><a href=\"https:\/\/go.ivoox.com\/rf\/131852655\" data-type=\"link\" data-id=\"https:\/\/go.ivoox.com\/rf\/131852655\">.<\/a>\u00a0 DiploMate convers\u00f3 con Virginia L\u00f3pez Casariego coordinadora general de la Diplomatura \u201cPediatr\u00eda Social: Cuidados, Derechos y Aprendizajes\u201d 3ra Cohorte: Problem\u00e1ticas actuales, cuidados y cuidadores\/as.<\/p>\n\n\n\n<p><a href=\"https:\/\/go.ivoox.com\/rf\/132146744\" data-type=\"link\" data-id=\"https:\/\/go.ivoox.com\/rf\/132146744\"><strong>El ba\u00fal de Avicena<\/strong>\u00a0<strong>(BdA) \u2013<\/strong>\u00a0<strong>Viernes 11 AM<\/strong>.<\/a><a href=\"https:\/\/go.ivoox.com\/sq\/2370020\">\u00a0<\/a>\u00a0BdA contin\u00faa el ciclo de arte y sexualidad, escuch\u00e1 la parte 3.<\/p>\n\n\n\n<p><a href=\"https:\/\/go.ivoox.com\/rf\/131210109\"><strong>Pon\u00e9 REC<\/strong>&nbsp;<\/a>\u2013 Es un programa de radio de la Residencia de Epidemiolog\u00eda de Campo de la Secretar\u00eda de Salud de Bah\u00eda Blanca que se emite por la Radio UNS, emisora de la Universidad Nacional del Sur, los viernes a las 14 hs. Se puede escuchar por la AM 1240 \u00f3 a trav\u00e9s del sitio de la radio&nbsp;<a href=\"https:\/\/radio.uns.edu.ar\/\">https:\/\/radio.uns.edu.ar\/<\/a><\/p>\n","protected":false},"excerpt":{"rendered":"<p>Resumen semanal de Radio Floreal \u2013 Semana 22\/07\/2024 Volv\u00e9 a escuchar los programas de la semana de Radio Floreal Floreal Mensajero \u2013 Lunes 11 AM.&nbsp;&nbsp;Reviv\u00ed las noticias de salud m\u00e1s importantes de la semana: invierno [&hellip;]<\/p>\n","protected":false},"author":4,"featured_media":2584,"comment_status":"closed","ping_status":"open","sticky":false,"template":"","format":"standard","meta":{"footnotes":""},"categories":[5],"tags":[111],"class_list":["post-2682","post","type-post","status-publish","format-standard","has-post-thumbnail","hentry","category-novedades","tag-radio-floreal"],"_links":{"self":[{"href":"https:\/\/campusff.ms.gba.gov.ar\/comunidaddea-ff\/wp-json\/wp\/v2\/posts\/2682","targetHints":{"allow":["GET"]}}],"collection":[{"href":"https:\/\/campusff.ms.gba.gov.ar\/comunidaddea-ff\/wp-json\/wp\/v2\/posts"}],"about":[{"href":"https:\/\/campusff.ms.gba.gov.ar\/comunidaddea-ff\/wp-json\/wp\/v2\/types\/post"}],"author":[{"embeddable":true,"href":"https:\/\/campusff.ms.gba.gov.ar\/comunidaddea-ff\/wp-json\/wp\/v2\/users\/4"}],"replies":[{"embeddable":true,"href":"https:\/\/campusff.ms.gba.gov.ar\/comunidaddea-ff\/wp-json\/wp\/v2\/comments?post=2682"}],"version-history":[{"count":3,"href":"https:\/\/campusff.ms.gba.gov.ar\/comunidaddea-ff\/wp-json\/wp\/v2\/posts\/2682\/revisions"}],"predecessor-version":[{"id":2695,"href":"https:\/\/campusff.ms.gba.gov.ar\/comunidaddea-ff\/wp-json\/wp\/v2\/posts\/2682\/revisions\/2695"}],"wp:featuredmedia":[{"embeddable":true,"href":"https:\/\/campusff.ms.gba.gov.ar\/comunidaddea-ff\/wp-json\/wp\/v2\/media\/2584"}],"wp:attachment":[{"href":"https:\/\/campusff.ms.gba.gov.ar\/comunidaddea-ff\/wp-json\/wp\/v2\/media?parent=2682"}],"wp:term":[{"taxonomy":"category","embeddable":true,"href":"https:\/\/campusff.ms.gba.gov.ar\/comunidaddea-ff\/wp-json\/wp\/v2\/categories?post=2682"},{"taxonomy":"post_tag","embeddable":true,"href":"https:\/\/campusff.ms.gba.gov.ar\/comunidaddea-ff\/wp-json\/wp\/v2\/tags?post=2682"}],"curies":[{"name":"wp","href":"https:\/\/api.w.org\/{rel}","templated":true}]}}