{"id":2676,"date":"2024-07-20T09:59:23","date_gmt":"2024-07-20T12:59:23","guid":{"rendered":"https:\/\/campusff.ms.gba.gov.ar\/comunidaddea-ff\/?p=2676"},"modified":"2024-07-23T09:11:53","modified_gmt":"2024-07-23T12:11:53","slug":"resumen-semanal-de-radio-floreal-4","status":"publish","type":"post","link":"https:\/\/campusff.ms.gba.gov.ar\/comunidaddea-ff\/2024\/07\/20\/resumen-semanal-de-radio-floreal-4\/","title":{"rendered":"Resumen semanal de Radio Floreal #4\u00a0"},"content":{"rendered":"\n<p><em>Resumen semanal de Radio Floreal &#8211; Semana 15\/07\/2024<\/em><\/p>\n\n\n\n<p><strong>Volv\u00e9 a escuchar los programas de la semana de Radio Floreal<\/strong><\/p>\n\n\n\n<p><strong><a href=\"https:\/\/go.ivoox.com\/rf\/131918826\" data-type=\"link\" data-id=\"https:\/\/go.ivoox.com\/rf\/131918826\">Floreal Mensajero \u2013 Lunes 11 AM.<\/a><\/strong> \u00a0Reviv\u00ed las noticias y efem\u00e9rides de salud m\u00e1s importantes de la semana.<\/p>\n\n\n\n<p><a href=\"https:\/\/go.ivoox.com\/rf\/131748938\"><strong>Bibliograf\u00eda obligatoria <\/strong>\u2013 <strong>Martes 11 AM. <\/strong><\/a>&nbsp;El ensayista argentino Miguel Benasayag dialog\u00f3 con Bibliograf\u00eda Obligatoria acerca de su libro &#8220;La inteligencia artificial no piensa (El cerebro tampoco)&#8221;.<\/p>\n\n\n\n<p><a href=\"https:\/\/go.ivoox.com\/rf\/131748938\"><strong>DiploMate <\/strong>\u2013 <strong>Mi\u00e9rcoles 11 AM<\/strong>.<\/a> Sebasti\u00e1n Holc, Director de Promoci\u00f3n y Cuidados en Salud Mental y Consumos Problematicos y Nancy Vadura coordinadora del \u00e1rea de docencia, conversaron con DiploMate sobre la Diplomatura Pol\u00edticas P\u00fablicas en Salud Mental.<\/p>\n\n\n\n<p><a href=\"https:\/\/go.ivoox.com\/sq\/2370020\"><strong>El ba\u00fal de Avicena<\/strong> \u2013 <strong>Viernes 11 AM<\/strong>. <\/a>&nbsp;Contin\u00faa el ciclo de arte y sexualidad. Escuch\u00e1 la parte 2.<\/p>\n\n\n\n<p><a href=\"https:\/\/go.ivoox.com\/rf\/131210109\"><strong>Pon\u00e9 REC<\/strong> <\/a>\u2013 Es un programa de radio de la Residencia de Epidemiolog\u00eda de Campo de la Secretar\u00eda de Salud de Bah\u00eda Blanca que se emite por la Radio UNS, emisora de la Universidad Nacional del Sur, los viernes a las 14 hs. Se puede escuchar por la AM 1240 \u00f3 a trav\u00e9s del sitio de la radio <a href=\"https:\/\/radio.uns.edu.ar\/\">https:\/\/radio.uns.edu.ar\/<\/a><\/p>\n\n\n\n<p><\/p>\n","protected":false},"excerpt":{"rendered":"<p>Resumen semanal de Radio Floreal &#8211; Semana 15\/07\/2024 Volv\u00e9 a escuchar los programas de la semana de Radio Floreal Floreal Mensajero \u2013 Lunes 11 AM. \u00a0Reviv\u00ed las noticias y efem\u00e9rides de salud m\u00e1s importantes de [&hellip;]<\/p>\n","protected":false},"author":4,"featured_media":2584,"comment_status":"closed","ping_status":"open","sticky":false,"template":"","format":"standard","meta":{"footnotes":""},"categories":[5],"tags":[],"class_list":["post-2676","post","type-post","status-publish","format-standard","has-post-thumbnail","hentry","category-novedades"],"_links":{"self":[{"href":"https:\/\/campusff.ms.gba.gov.ar\/comunidaddea-ff\/wp-json\/wp\/v2\/posts\/2676","targetHints":{"allow":["GET"]}}],"collection":[{"href":"https:\/\/campusff.ms.gba.gov.ar\/comunidaddea-ff\/wp-json\/wp\/v2\/posts"}],"about":[{"href":"https:\/\/campusff.ms.gba.gov.ar\/comunidaddea-ff\/wp-json\/wp\/v2\/types\/post"}],"author":[{"embeddable":true,"href":"https:\/\/campusff.ms.gba.gov.ar\/comunidaddea-ff\/wp-json\/wp\/v2\/users\/4"}],"replies":[{"embeddable":true,"href":"https:\/\/campusff.ms.gba.gov.ar\/comunidaddea-ff\/wp-json\/wp\/v2\/comments?post=2676"}],"version-history":[{"count":4,"href":"https:\/\/campusff.ms.gba.gov.ar\/comunidaddea-ff\/wp-json\/wp\/v2\/posts\/2676\/revisions"}],"predecessor-version":[{"id":2681,"href":"https:\/\/campusff.ms.gba.gov.ar\/comunidaddea-ff\/wp-json\/wp\/v2\/posts\/2676\/revisions\/2681"}],"wp:featuredmedia":[{"embeddable":true,"href":"https:\/\/campusff.ms.gba.gov.ar\/comunidaddea-ff\/wp-json\/wp\/v2\/media\/2584"}],"wp:attachment":[{"href":"https:\/\/campusff.ms.gba.gov.ar\/comunidaddea-ff\/wp-json\/wp\/v2\/media?parent=2676"}],"wp:term":[{"taxonomy":"category","embeddable":true,"href":"https:\/\/campusff.ms.gba.gov.ar\/comunidaddea-ff\/wp-json\/wp\/v2\/categories?post=2676"},{"taxonomy":"post_tag","embeddable":true,"href":"https:\/\/campusff.ms.gba.gov.ar\/comunidaddea-ff\/wp-json\/wp\/v2\/tags?post=2676"}],"curies":[{"name":"wp","href":"https:\/\/api.w.org\/{rel}","templated":true}]}}