{"id":2605,"date":"2024-07-15T14:43:13","date_gmt":"2024-07-15T17:43:13","guid":{"rendered":"https:\/\/campusff.ms.gba.gov.ar\/comunidaddea-ff\/?p=2605"},"modified":"2024-07-29T12:23:12","modified_gmt":"2024-07-29T15:23:12","slug":"reporte-de-salud-internacional-18","status":"publish","type":"post","link":"https:\/\/campusff.ms.gba.gov.ar\/comunidaddea-ff\/2024\/07\/15\/reporte-de-salud-internacional-18\/","title":{"rendered":"Reporte de salud internacional #18"},"content":{"rendered":"\n<p><em>Por Mario Rovere.\u00a0<a href=\"https:\/\/revistasoberaniasanitaria.com.ar\/reporte-de-salud-internacional-18\/\" target=\"_blank\" rel=\"noreferrer noopener\">Publicado en Revista Soberan\u00eda Sanitaria.<\/a><\/em><\/p>\n\n\n\n<p><strong><em>Efecto mariposa (todo tiene que ver con todo<\/em><em>): Hollywood le suelta la mano a Joe<\/em><\/strong><\/p>\n\n\n\n<p>China \u201cadvierte\u201d es un enunciado que se toma seriamente en el mundo diplom\u00e1tico y m\u00e1s aun si lanzado esta semana se dirige a Jap\u00f3n quien ha sido convocada por la OTAN a sumarse al juego geopol\u00edtico e irritar al gigante asi\u00e1tico con declaraciones sobre Taiwan. Jap\u00f3n que ha sido desde la 2da guerra un protectorado militar de estados Unidos es impulsado a invertir hasta el 2 % de su PBI en gasto militar y ser la cabecera de una iniciativa de OTAN asi\u00e1tica demonizando adem\u00e1s a Corea del Norte y los intereses asi\u00e1ticos de Rusia.<\/p>\n\n\n\n<p>China \u201ccondena\u201d es aun mas fuerte cuando se trata de mencionar una declaraci\u00f3n de Jens Stoltemberg, el noruego Secretario General de la OTAN, quien intenta instalar que la guerra en Ucrania no se podr\u00eda sostener sin el \u201capoyo decisivo\u201d de China sum\u00e1ndolo, por el momento discursivamente, al conflicto global.<\/p>\n\n\n\n<p>Mientras tanto en las elecciones de Estados Unidos una nueva forma de presi\u00f3n pol\u00edtica queda en evidencia. El voto de los aportantes econ\u00f3micos que liderados por el influyente actor George Clooney (\u201camo a Joe Biden pero necesitamos un nuevo candidato\u201d) deciden hacerse escuchar cerrando sus billeteras, dejando nuevamente en evidencia una de las m\u00e1s obvias relaciones entre liberalismo pol\u00edtico y liberalismo econ\u00f3mico.<\/p>\n\n\n\n<p>Macr\u00f3n por su parte, luego del sorprendente resultado electoral, se reposiciona en el centro del juego pol\u00edtico de Francia con su ya famosa frase \u201cen estas elecciones no gan\u00f3 nadie\u201d (que traduce como \u201cgan\u00e9 yo\u201d) en una de las jugadas pol\u00edticas mas arriesgadas que se conozcan. El juego aun no termin\u00f3 y puede devenir en acuerdos impensados para construir gobernabilidad en este influyente pa\u00eds.<\/p>\n\n\n\n<p>En este escenario el mercado podr\u00eda poner pa\u00f1os fr\u00edos a la fiebre del \u201coro blanco\u201d, ese insumo que los pa\u00edses centrales necesitan para la producci\u00f3n de autos el\u00e9ctricos y no cuentan en sus propios territorios. Por un lado, adquiere nuevos ribetes de desestabilizaci\u00f3n de reg\u00edmenes pol\u00edticos (Bolivia) y cambios, tal vez por el momento, con la producci\u00f3n en alta y con el precio internacional a la baja. &nbsp;&nbsp;La plataforma BNAm\u00e9rica lo sintetiza as\u00ed: \u201cLa sostenida ca\u00edda&nbsp;de los precios est\u00e1 obligando a los productores de litio a moverse entre una creciente demanda y una presi\u00f3n cada vez mayor sobre la oferta, pero tambi\u00e9n a desarrollar innovadores m\u00e9todos extractivos que puedan ampliar la eficiencia y sostenibilidad\u201d (lease depredando m\u00e1s aun el ambiente). No es una peque\u00f1a ca\u00edda; la tonelada pas\u00f3 de pagarse 23.000 d\u00f3lares en el 2022 a menos de 10.000 en este a\u00f1o y como se pronostica que la producci\u00f3n del a\u00f1o pr\u00f3ximo se incrementara en un 25 % el precio puede caer m\u00e1s a\u00fan.<\/p>\n\n\n\n<p><em>Se puede acceder a la nota completa a trav\u00e9s del&nbsp;<a href=\"https:\/\/www.bnamericas.com\/es\/reportajes\/los-posibles-efectos-del-cambiante-escenario-del-litio-en-el-cono-sur\" target=\"_blank\" rel=\"noreferrer noopener\">enlace<\/a><\/em><\/p>\n\n\n\n<p><strong><em>La salud tambi\u00e9n se juega en otras canchas<\/em><em>: El drama de los desplazados<\/em><\/strong><\/p>\n\n\n\n<p>Al fin del a\u00f1o 2023 la agencia especializada de las Naciones Unidas ACNUR estimaba en 117,3 millones de personas los desplazados \u201cdebido a la persecuci\u00f3n, los conflictos, la violencia, las violaciones de los derechos humanos y los acontecimientos que perturban gravemente el orden p\u00fablico\u201d una cifra que crece sistem\u00e1ticamente desde el 2010, que representa a uno de cada 69 habitantes del planeta y que pod\u00eda escalar a 120 millones para el 2024. Sud\u00e1n con 9,1 millones de refugiados por su guerra civil supera incluso a la franja de Gaza con 6,5 millones de refugiados.<\/p>\n\n\n\n<p>Solo para entender los riesgos de ser desplazado, refugiado o migrante ilegal se describe el luctuoso ranking de lo reportado (punta del iceberg) sobre lo que le han sufrido los migrantes mediterr\u00e1neos entre noviembre del 2019 y marzo del 2023 en miles de casos: violencia f\u00edsica (13 M), robos (10 M), c\u00e1rcel (10M), extorsiones (7 M), muertes (6,5 M), secuestro (6,1 M), violencia sexual (5M), violencias no f\u00edsicas (5 M), lesiones y enfermedades extremas (3 M)<\/p>\n\n\n\n<p><em>Se puede acceder a la nota completa a trav\u00e9s del&nbsp;<a href=\"https:\/\/www.unhcr.org\/us\/global-trends\" target=\"_blank\" rel=\"noreferrer noopener\">enlace<\/a><\/em><\/p>\n\n\n\n<p><strong><em>Aqu\u00ed y all\u00e1;&nbsp;<\/em><em>causas ambientales de enfermedad renal en j\u00f3venes<\/em><\/strong><\/p>\n\n\n\n<p>Volvi\u00f3 a escena period\u00edstica una patolog\u00eda que preocupa por los da\u00f1os que genera y por los costos para abordarla que es la enfermedad renal, que se relaciona con el incremento de la longevidad. Sin embargo, un fen\u00f3meno que se estudi\u00f3 particularmente en lugares tan alejados entre s\u00ed como Sri Lanka, El Salvador o Nicaragua vuelve su mirada a j\u00f3venes trabajadores rurales o vinculados a la pesca, quienes precozmente se ven afectados por esta enfermedad invalidante.<\/p>\n\n\n\n<ol class=\"wp-block-list\">\n<li>Mandavilli para el NYT internacional lo describ\u00eda as\u00ed en su edici\u00f3n del 8 de julio: \u201cDesde la d\u00e9cada de 1990, los hombres de entre 30 y 40 a\u00f1os han ido acudiendo a los hospitales con insuficiencia renal en fase avanzada, que necesita di\u00e1lisis o incluso trasplantes. En algunas comunidades, hasta uno de cada cinco j\u00f3venes est\u00e1 afectado.<\/li>\n<\/ol>\n\n\n\n<p>Su condici\u00f3n no tiene una causa clara; de hecho, se le llama \u201cenfermedad renal cr\u00f3nica de origen desconocido\u201d. Pero los expertos dicen que la enfermedad es probablemente el resultado de la exposici\u00f3n al calor extremo, exacerbado en los \u00faltimos a\u00f1os por el cambio clim\u00e1tico y la deshidrataci\u00f3n resultante, as\u00ed como un uso excesivo de pesticidas t\u00f3xicos que se han filtrado en las aguas subterr\u00e1neas.<\/p>\n\n\n\n<p>Se detecta en unos pa\u00edses m\u00e1s que en otros con similares condiciones, lo que puede explicarse por las condiciones y la voluntad pol\u00edtica de investigarlo como ocurri\u00f3 en El Salvador con cooperaci\u00f3n de expertos epidemi\u00f3logos de Cuba durante la gesti\u00f3n del Presidente Funes y de su Ministra de Salud Mar\u00eda Isabel Rodr\u00edguez.<\/p>\n\n\n\n<p>La nota lo expresa con claridad \u201cen Sri Lanka la atenci\u00f3n sanitaria b\u00e1sica es gratuita y est\u00e1 presente en todas partes, por lo que aqu\u00ed se puede observar el problema con mayor claridad que en otros pa\u00edses de bajos ingresos\u201d.<\/p>\n\n\n\n<p><em>Se puede acceder a la nota completa a trav\u00e9s del&nbsp;<a href=\"https:\/\/www.nytimes.com\/2024\/07\/08\/health\/sri-lanka-kidney-disease.html\" target=\"_blank\" rel=\"noreferrer noopener\">enlace<\/a><\/em><\/p>\n\n\n\n<p><strong><em>Se expanden las enfermedades vectoriales<\/em><em>; Dengue en Nueva York<\/em><\/strong><\/p>\n\n\n\n<p>Mientras un brote de Dengue en el Estado de Florida resulta previsible, m\u00e1s de 200 casos este mismo a\u00f1o en el \u00e1rea Nueva York resulta un fen\u00f3meno epidemiol\u00f3gico llamativo. Sin embargo existen reportes hist\u00f3ricos de a\u00f1os en el siglo XVIII en donde la Fiebre Amarilla -enfermedad que comparte el mismo vector- hab\u00eda alcanzado esas latitudes afectando incluso al puerto de Boston.<\/p>\n\n\n\n<p><em>Se puede acceder a la nota completa a trav\u00e9s del&nbsp;<a href=\"https:\/\/abcnews.go.com\/Politics\/200-cases-dengue-virus-reported-new-york-new\/story?id=111831290\" target=\"_blank\" rel=\"noreferrer noopener\">enlace<\/a><\/em><\/p>\n","protected":false},"excerpt":{"rendered":"<p>Por Mario Rovere.\u00a0Publicado en Revista Soberan\u00eda Sanitaria. Efecto mariposa (todo tiene que ver con todo): Hollywood le suelta la mano a Joe China \u201cadvierte\u201d es un enunciado que se toma seriamente en el mundo diplom\u00e1tico [&hellip;]<\/p>\n","protected":false},"author":1,"featured_media":2534,"comment_status":"closed","ping_status":"open","sticky":false,"template":"","format":"standard","meta":{"footnotes":""},"categories":[123],"tags":[],"class_list":["post-2605","post","type-post","status-publish","format-standard","has-post-thumbnail","hentry","category-salud-internacional"],"_links":{"self":[{"href":"https:\/\/campusff.ms.gba.gov.ar\/comunidaddea-ff\/wp-json\/wp\/v2\/posts\/2605","targetHints":{"allow":["GET"]}}],"collection":[{"href":"https:\/\/campusff.ms.gba.gov.ar\/comunidaddea-ff\/wp-json\/wp\/v2\/posts"}],"about":[{"href":"https:\/\/campusff.ms.gba.gov.ar\/comunidaddea-ff\/wp-json\/wp\/v2\/types\/post"}],"author":[{"embeddable":true,"href":"https:\/\/campusff.ms.gba.gov.ar\/comunidaddea-ff\/wp-json\/wp\/v2\/users\/1"}],"replies":[{"embeddable":true,"href":"https:\/\/campusff.ms.gba.gov.ar\/comunidaddea-ff\/wp-json\/wp\/v2\/comments?post=2605"}],"version-history":[{"count":2,"href":"https:\/\/campusff.ms.gba.gov.ar\/comunidaddea-ff\/wp-json\/wp\/v2\/posts\/2605\/revisions"}],"predecessor-version":[{"id":2686,"href":"https:\/\/campusff.ms.gba.gov.ar\/comunidaddea-ff\/wp-json\/wp\/v2\/posts\/2605\/revisions\/2686"}],"wp:featuredmedia":[{"embeddable":true,"href":"https:\/\/campusff.ms.gba.gov.ar\/comunidaddea-ff\/wp-json\/wp\/v2\/media\/2534"}],"wp:attachment":[{"href":"https:\/\/campusff.ms.gba.gov.ar\/comunidaddea-ff\/wp-json\/wp\/v2\/media?parent=2605"}],"wp:term":[{"taxonomy":"category","embeddable":true,"href":"https:\/\/campusff.ms.gba.gov.ar\/comunidaddea-ff\/wp-json\/wp\/v2\/categories?post=2605"},{"taxonomy":"post_tag","embeddable":true,"href":"https:\/\/campusff.ms.gba.gov.ar\/comunidaddea-ff\/wp-json\/wp\/v2\/tags?post=2605"}],"curies":[{"name":"wp","href":"https:\/\/api.w.org\/{rel}","templated":true}]}}