{"id":2603,"date":"2024-07-08T14:40:56","date_gmt":"2024-07-08T17:40:56","guid":{"rendered":"https:\/\/campusff.ms.gba.gov.ar\/comunidaddea-ff\/?p=2603"},"modified":"2024-07-29T12:23:51","modified_gmt":"2024-07-29T15:23:51","slug":"reporte-de-salud-internacional-17","status":"publish","type":"post","link":"https:\/\/campusff.ms.gba.gov.ar\/comunidaddea-ff\/2024\/07\/08\/reporte-de-salud-internacional-17\/","title":{"rendered":"Reporte de salud internacional #17"},"content":{"rendered":"\n<p><em>Por Mario Rovere.\u00a0<a href=\"https:\/\/revistasoberaniasanitaria.com.ar\/reporte-de-salud-internacional-17\/\" target=\"_blank\" rel=\"noreferrer noopener\">Publicado en Revista Soberan\u00eda Sanitaria.<\/a><\/em><\/p>\n\n\n\n<p><strong><em>Efecto mariposa (todo tiene que ver con todo<\/em><em>): semana de terremotos pol\u00edticos<\/em><\/strong><\/p>\n\n\n\n<p>El mundo aguarda con expectativa que una alianza extraordinaria de centro izquierda que los espa\u00f1oles denominan significativamente como \u201ccord\u00f3n sanitario\u201d frene a la ultra derecha en las elecciones en Francia, Joe Biden intentaba -con escaso resultado- revertir su d\u00e9bil participaci\u00f3n en el primer debate presidencial otorgando una entrevista a la cadena ABC; all\u00ed&nbsp; rechaz\u00f3 de plano someterse a una evaluaci\u00f3n m\u00e9dica y declar\u00f3 que en cambio \u201cel test cognitivo\u201d se lo hace todos los d\u00edas, no solo porque est\u00e1 en control de su campa\u00f1a sino porque \u201c\u2026estoy manejando el mundo\u201d \u2013(\u201cI\u2019m running the world\u201d), Mientras tanto la Corte Suprema de los Estados Unidos le otorg\u00f3 una doble protecci\u00f3n al candidato opositor Donald Trump afirmando que goza de inmunidad judicial por sus delitos p\u00fablicos y dilatando el tratamiento de la apelaci\u00f3n de su condena en primera instancia,&nbsp; al menos hasta que termine el acto electoral.<\/p>\n\n\n\n<p>Del otro lado del Atl\u00e1ntico las elecciones de Gran Breta\u00f1a dieron un vuelco pol\u00edtico contundente a favor del Partido Laborista. Luego de 14 ca\u00f3ticos y regresivos a\u00f1os en el poder el Partido Conservador sufri\u00f3 la derrota m\u00e1s importante desde 1906. A partir de las fraudulentas elecciones de 2016, que culminaron con la salida de Gran Breta\u00f1a de la Uni\u00f3n Europea lo que se conoce como el Brexit, recordadas por el debut mundial del uso de la Big Data para ganar elecciones, se extiende una sombra que tambi\u00e9n alcanz\u00f3 al ajustado triunfo de Mauricio Macri y al plebiscito por la paz en Colombia.<\/p>\n\n\n\n<p>Hasta el peri\u00f3dico liberal \u201cThe Economist\u201d declara: \u201ces un buen resultado para Gran Breta\u00f1a. Sale un gobierno conservador que hab\u00eda convertido el caos en una forma de arte y entra un partido que se ha centrado sin desmayo en mejorar su atractivo electoral. Un pa\u00eds que fue uno de los primeros en Occidente en sucumbir al radicalismo populista (\u00bf?), al votar por el Brexit en 2016, ha optado decididamente por un pol\u00edtico serio que promete estabilidad\u201d.<\/p>\n\n\n\n<p>La otra mitad del mundo no permanece inactivo. En Astan\u00e1, la capital del Kazajist\u00e1n, se reunieron los jefes de Estado de Rusia, China, India, Ir\u00e1n, Kirguist\u00e1n, Pakist\u00e1n, Tayikist\u00e1n y Uzbekist\u00e1n, se le dio la bienvenida a un nuevo socio Bielorrusia. Afganist\u00e1n y Mongolia seguir\u00e1n por ahora como observadores mientras est\u00e1n en lista de espera Armenia, Azerbaiy\u00e1n, Camboya, Emiratos \u00c1rabes Unidos, Nepal, Sri Lanka y Turqu\u00eda. Representan el 40 % de la poblaci\u00f3n mundial.<\/p>\n\n\n\n<p>&nbsp;El documento final sostiene que \u00abse est\u00e1n produciendo cambios tect\u00f3nicos\u00bb en geopol\u00edtica y geoeconom\u00eda y acusa a occidente de que el \u00abuso de m\u00e9todos de poder est\u00e1 aumentando y las normas del derecho internacional son violadas sistem\u00e1ticamente\u00bb. Por lo cual se sienten, afirman, en el compromiso de \u00abaumentar el papel del bloque en la creaci\u00f3n de un nuevo orden internacional democr\u00e1tico, equitativo, pol\u00edtico y econ\u00f3mico\u00bb.<\/p>\n\n\n\n<p><em>Se puede acceder a la nota completa a trav\u00e9s del&nbsp;<a href=\"https:\/\/www.tiempoar.com.ar\/ta_article\/la-ocs-planteo-sus-reglas-desde-astana-y-sumo-a-bielorrusia\/\" target=\"_blank\" rel=\"noreferrer noopener\">enlace<\/a><\/em><\/p>\n\n\n\n<p><strong><em>Aqu\u00ed y all\u00e1; la salud y la pol\u00edtica<\/em><\/strong><\/p>\n\n\n\n<p>El debilitamiento sistem\u00e1tico del Servicio Nacional de Salud en estos 14 a\u00f1os fue parte central de la campa\u00f1a electoral y el nuevo secretario de Salud: Wes Streeting parte del diagn\u00f3stico que la base que \u201cel sistema de salud est\u00e1 roto o quebrado (broken)\u201d.<\/p>\n\n\n\n<p>\u201cLa ola de huelgas, que ha afectado al NHS desde diciembre de 2022, ha incluido paros de enfermeras, otros grupos de m\u00e9dicos, fisioterapeutas y param\u00e9dicos, entre otro personal, ha provocado el aplazamiento de casi 1,5 millones de citas, procedimientos y operaciones\u201d.<\/p>\n\n\n\n<p>Por el momento el nuevo secretario cumple una promesa electoral y ya convoc\u00f3 a las partes involucradas para resolver los principales conflictos gremiales que lo aquejan.<\/p>\n\n\n\n<p><em>Se puede acceder a la nota completa a trav\u00e9s del&nbsp;<a href=\"https:\/\/www.theguardian.com\/society\/article\/2024\/jul\/06\/wes-streeting-nhs-broken-announces-talks-junior-doctors\" target=\"_blank\" rel=\"noreferrer noopener\">enlace<\/a><\/em><\/p>\n\n\n\n<p><strong><em>Una vez mas;&nbsp;<\/em><em>La nueva Corte Suprema de Estados Unidos contra la Salud P\u00fablica<\/em><\/strong><\/p>\n\n\n\n<p>La periodista cient\u00edfica Tara Haelle reporta que hace una semana se revirti\u00f3 una decisi\u00f3n hist\u00f3rica de ese Tribunal (un caso que hab\u00eda perdido en su momento la poderosa petrolera &nbsp;Chevr\u00f3n) lo que tendr\u00e1 un impacto negativo para \u201cla pol\u00edtica de salud p\u00fablica, destruyendo, o al menos limitando sustancialmente, el poder de las agencias federales para interpretar ampliamente c\u00f3mo implementar leyes relacionadas con el aire y el agua limpios, la atenci\u00f3n m\u00e9dica, la preparaci\u00f3n y respuesta ante desastres, el control de enfermedades durante brotes, la seguridad en el lugar de trabajo, la seguridad de los alimentos y los medicamentos, y las protecciones contra la discriminaci\u00f3n por orientaci\u00f3n sexual o condici\u00f3n transg\u00e9nero\u201d.&nbsp;<\/p>\n\n\n\n<p>En 1984 La Corte, hab\u00eda reconocido expresamente la facultad de las agencias gubernamentales de interpretar preceptos legales imprecisos. Lo interesante del fallo, era que \u201cSi una ley es ambigua, o bien, si contiene un vac\u00edo y la interpretaci\u00f3n de la agencia del texto legal es razonable; entonces la justicia deb\u00eda conceder preferencia a la lectura que la agencia hace de la ley y respetar dicha interpretaci\u00f3n.<\/p>\n\n\n\n<p>Algunos expertos pronostican consecuencias catastr\u00f3ficas, como la p\u00e9rdida de la capacidad de la FDA para determinar la seguridad y eficacia de los medicamentos o incluso si un nuevo agente puede considerarse un medicamento. Esto es particularmente grave porque debilitar la capacidad regulatoria de agencias como la FDA que regula la producci\u00f3n y comercializaci\u00f3n de alimentos y medicamentos tiene impacto sobre la ANMAT en Argentina porque seg\u00fan sus estatutos los fallos de la FDA tienen poder vinculante.<\/p>\n\n\n\n<p><em>Se puede acceder a la nota completa a trav\u00e9s del&nbsp;<a href=\"https:\/\/www.thinkglobalhealth.org\/article\/supreme-courts-chevron-ruling-could-reshape-public-health\">enl<\/a><a href=\"https:\/\/www.thinkglobalhealth.org\/article\/supreme-courts-chevron-ruling-could-reshape-public-health\" target=\"_blank\" rel=\"noreferrer noopener\">a<\/a><a href=\"https:\/\/www.thinkglobalhealth.org\/article\/supreme-courts-chevron-ruling-could-reshape-public-health\">ce<\/a><\/em><\/p>\n\n\n\n<p><strong><em>Una revoluci\u00f3n silenciosa (pero perezosa) en la salud internacional<\/em><\/strong><\/p>\n\n\n\n<p>La Malaria es la enfermedad que m\u00e1s personas matan en el tercer mundo con epicentro en \u00c1frica y Am\u00e9rica Latina. Se cuenta ahora con una vacuna largamente esperada que previene la infecci\u00f3n del m\u00e1s peligroso y letal agente del paludismo el \u201cplasmodium falciparum\u201d. La lentitud exasperante de su aprobaci\u00f3n y de su aplicaci\u00f3n por ahora solo en Camer\u00fan y en Sierra Leona &nbsp;<\/p>\n\n\n\n<p><em>\u201cLos beb\u00e9s y ni\u00f1os peque\u00f1os de ocho pa\u00edses de la regi\u00f3n comenzaron recientemente a recibir la vacuna como parte de sus vacunas infantiles de rutina. Otros siete pa\u00edses africanos esperan con impaciencia su llegada\u201d. Joe Cohen coinventor de la primera vacuna expres\u00f3 este sentimiento ambivalente:&nbsp;<\/em>\u201cLos ni\u00f1os est\u00e1n recibiendo la vacuna y por eso soy el hombre m\u00e1s feliz del mundo. Pero, por otro lado, no puedo evitar sentirme consternado por este retraso inexcusablemente largo\u201d.<\/p>\n\n\n\n<p><em>Se puede acceder a la nota completa a trav\u00e9s del&nbsp;<a href=\"https:\/\/www.nytimes.com\/2024\/07\/05\/health\/malaria-vaccine-delay.html\" target=\"_blank\" rel=\"noreferrer noopener\">enlace<\/a><\/em><a href=\"https:\/\/revistasoberaniasanitaria.com.ar\/reporte-de-salud-internacional-18\/\"><\/a><\/p>\n","protected":false},"excerpt":{"rendered":"<p>Por Mario Rovere.\u00a0Publicado en Revista Soberan\u00eda Sanitaria. Efecto mariposa (todo tiene que ver con todo): semana de terremotos pol\u00edticos El mundo aguarda con expectativa que una alianza extraordinaria de centro izquierda que los espa\u00f1oles denominan [&hellip;]<\/p>\n","protected":false},"author":1,"featured_media":2534,"comment_status":"closed","ping_status":"open","sticky":false,"template":"","format":"standard","meta":{"footnotes":""},"categories":[123],"tags":[],"class_list":["post-2603","post","type-post","status-publish","format-standard","has-post-thumbnail","hentry","category-salud-internacional"],"_links":{"self":[{"href":"https:\/\/campusff.ms.gba.gov.ar\/comunidaddea-ff\/wp-json\/wp\/v2\/posts\/2603","targetHints":{"allow":["GET"]}}],"collection":[{"href":"https:\/\/campusff.ms.gba.gov.ar\/comunidaddea-ff\/wp-json\/wp\/v2\/posts"}],"about":[{"href":"https:\/\/campusff.ms.gba.gov.ar\/comunidaddea-ff\/wp-json\/wp\/v2\/types\/post"}],"author":[{"embeddable":true,"href":"https:\/\/campusff.ms.gba.gov.ar\/comunidaddea-ff\/wp-json\/wp\/v2\/users\/1"}],"replies":[{"embeddable":true,"href":"https:\/\/campusff.ms.gba.gov.ar\/comunidaddea-ff\/wp-json\/wp\/v2\/comments?post=2603"}],"version-history":[{"count":2,"href":"https:\/\/campusff.ms.gba.gov.ar\/comunidaddea-ff\/wp-json\/wp\/v2\/posts\/2603\/revisions"}],"predecessor-version":[{"id":2687,"href":"https:\/\/campusff.ms.gba.gov.ar\/comunidaddea-ff\/wp-json\/wp\/v2\/posts\/2603\/revisions\/2687"}],"wp:featuredmedia":[{"embeddable":true,"href":"https:\/\/campusff.ms.gba.gov.ar\/comunidaddea-ff\/wp-json\/wp\/v2\/media\/2534"}],"wp:attachment":[{"href":"https:\/\/campusff.ms.gba.gov.ar\/comunidaddea-ff\/wp-json\/wp\/v2\/media?parent=2603"}],"wp:term":[{"taxonomy":"category","embeddable":true,"href":"https:\/\/campusff.ms.gba.gov.ar\/comunidaddea-ff\/wp-json\/wp\/v2\/categories?post=2603"},{"taxonomy":"post_tag","embeddable":true,"href":"https:\/\/campusff.ms.gba.gov.ar\/comunidaddea-ff\/wp-json\/wp\/v2\/tags?post=2603"}],"curies":[{"name":"wp","href":"https:\/\/api.w.org\/{rel}","templated":true}]}}