{"id":2601,"date":"2024-07-01T14:37:35","date_gmt":"2024-07-01T17:37:35","guid":{"rendered":"https:\/\/campusff.ms.gba.gov.ar\/comunidaddea-ff\/?p=2601"},"modified":"2024-07-29T12:25:50","modified_gmt":"2024-07-29T15:25:50","slug":"reporte-de-salud-internacional-16","status":"publish","type":"post","link":"https:\/\/campusff.ms.gba.gov.ar\/comunidaddea-ff\/2024\/07\/01\/reporte-de-salud-internacional-16\/","title":{"rendered":"Reporte de salud internacional #16"},"content":{"rendered":"\n<p><em>Por Mario Rovere.\u00a0<a href=\"https:\/\/revistasoberaniasanitaria.com.ar\/reporte-de-salud-internacional-16\/\" target=\"_blank\" rel=\"noreferrer noopener\">Publicado en Revista Soberan\u00eda Sanitaria.<\/a><\/em><\/p>\n\n\n\n<p><em><strong>Efecto mariposa (todo tiene que ver con todo): El planeta en modo \u201ccomerse las u\u00f1as\u201d<\/strong><\/em><\/p>\n\n\n\n<p>El debate presidencial en Estados Unidos del 27 de junio confirm\u00f3 la que ya ven\u00eda resultando la peor de las hip\u00f3tesis: la democracia bipartidista se vuelve un verdadero \u201caparato de captura\u201d cuando ninguno de los dos candidatos a conducir la principal potencia mundial, -en t\u00e9rminos pol\u00edticos, econ\u00f3micos y militares-, muestra condiciones m\u00ednimas para hacerlo.<\/p>\n\n\n\n<p>Un presidente con evidentes trastornos cognitivos y un candidato y expresidente que est\u00e1 condenado judicialmente en primera instancia, y que desiste a comprometerse frente a la audiencia a respetar los resultados electorales; grav\u00edsimo si se considera su participaci\u00f3n incentivando la toma del Congreso hacia el final de su anterior mandato.<\/p>\n\n\n\n<p>En medio de los ataques cruzados entre candidatos pudo escucharse la responsabilizaci\u00f3n directa al actual presidente Biden por su manejo de la pol\u00edtica exterior. \u201cSi yo hubiera sido el presidente ni la guerra de Ucrania ni la de Gaza hubieran ocurrido\u201d. No resulta posible saber si tal afirmaci\u00f3n es fundada o no, pero brinda se\u00f1ales elocuentes de la vocaci\u00f3n belicista (<em>Warfare)<\/em>&nbsp;de los dem\u00f3cratas y lo que es peor a\u00fan, que las guerras a nivel mundial se deciden desde Washington DC.<\/p>\n\n\n\n<p>Lo real es que luego de 90 minutos calificados de catastr\u00f3ficos, los propios dem\u00f3cratas est\u00e1n explorando un posible reemplazo, pero a\u00fan queda abierta la duda, sobre sus competencias para el per\u00edodo que resta, mientras la escalada hacia una tercera guerra mundial contin\u00faa.<\/p>\n\n\n\n<p>El tablero latinoamericano tambi\u00e9n se sacudi\u00f3. Un golpe de estado en Bolivia, aun cuando pareci\u00f3 acotado y r\u00e1pidamente abortado, despierta todas las alarmas y suspicacias, especialmente pensando en la puja mundial por el litio. Por razones an\u00e1logas en el pasado las principales petroleras no tuvieron reparo en incentivar guerras y en desestabilizar gobiernos. Mas recientemente en julio del 2020 Elon Musk, mientras le reclamaban su apoyo al golpe de Estado en Bolivia. declamaba en las redes&nbsp;<em>\u201cWe Will coup whoever we want\u00a1; deal with it<\/em>\u201d algo as\u00ed como:&nbsp;<em>\u201cnosotros le vamos a dar un golpe a quien queramos\u00a1, acost\u00fambrense a eso\u201d.&nbsp;<\/em>Falta explicitar quienes son el \u201cnosotros\u201d.<\/p>\n\n\n\n<p><em>Se puede acceder a la nota completa a trav\u00e9s del&nbsp;<a href=\"https:\/\/www.economist.com\/leaders\/2024\/06\/28\/joe-biden-should-now-give-way-to-an-alternative-candidate\" target=\"_blank\" rel=\"noreferrer noopener\">enlace<\/a><\/em><\/p>\n\n\n\n<p><strong><em>Globalizando; lo que no logran atrapar las fronteras<\/em><em>; un nuevo villano detr\u00e1s de 8,1 millones de muertes<\/em><\/strong><\/p>\n\n\n\n<p>Dos institutos de investigaci\u00f3n estadounidenses<strong>&nbsp;Health Effects Institute (HEI) y el Institute for Health Metrics and Evaluation (IHME),&nbsp;<\/strong>publicaron el informe \u00abEstado del aire global\u00bb (State of Global Air) que detallan los impactos en la salud<strong>&nbsp;de&nbsp;la contaminaci\u00f3n del aire. Seg\u00fan el informe avanz\u00f3 al segundo lugar, dejando atr\u00e1s al tabaco y a la desnutrici\u00f3n&nbsp;<\/strong>como factores de riesgo de muerte<strong>,&nbsp;y siendo solo superado por la hipertensi\u00f3n arterial.<\/strong><\/p>\n\n\n\n<p><strong>Pero no son tanto los gases de efecto invernadero sino m\u00e1s bien las micropart\u00edculas las responsables en un 90 % de esta morbilidad. Provenientes de la quema de combustibles f\u00f3siles, se multiplica exponencialmente su proliferaci\u00f3n en la atm\u00f3sfera por refiner\u00edas, f\u00e1bricas, usinas termoel\u00e9ctricas, y por el tr\u00e1nsito automotor, m\u00e1s intenso en las grandes ciudades. Se trata de part\u00edculas de entre 10 y 2,5 mil\u00e9simas de mil\u00edmetros que resultan imposibles de frenar en el \u00e1rbol respiratorio da\u00f1ando, al ingresar al torrente sangu\u00edneo, otros \u00f3rganos, deterior\u00e1ndolos, en ocasiones, con resultados letales.<\/strong><\/p>\n\n\n\n<p><em>Se puede acceder a la nota completa a trav\u00e9s del&nbsp;<a href=\"https:\/\/www.tiempo.com\/noticias\/actualidad\/con-8-1-millones-de-muertes-en-un-ano-la-contaminacion-del-aire-ahora-es-el-segundo-factor-mundial-de-riesgo-de-muerte.html\" target=\"_blank\" rel=\"noreferrer noopener\">enlace<\/a><\/em><\/p>\n\n\n\n<p><strong><em>Pron\u00f3stico de Pandemias<\/em><em>&nbsp;\u00bfQu\u00e9 puede salir mal?<\/em><\/strong><\/p>\n\n\n\n<p>Los expertos a nivel mundial escaldados por la \u201csorpresiva\u201d irrupci\u00f3n del SARS conocido como-Covid 19, se curan en salud y exploran escenarios catastr\u00f3ficos que sin embargo tienen posibilidad cierta de ocurrir generalmente ponderando dos factores la facilidad o dificultad de contagio (transmisibilidad) y la capacidad de generar desenlaces fatales (letalidad).<\/p>\n\n\n\n<p>En el radar se encuentra al tope de las preocupaciones la posibilidad de una mutaci\u00f3n del virus de la denominada gripe aviar (H5N1), una pan-epizootia de alta letalidad (algo superior al 50 %) que ha demostrado su capacidad de pasar de las aves a mam\u00edferos tanto silvestres como dom\u00e9sticos, y accidentalmente al propio ser humano. Desde principios del 2023 hasta fines de abril se han detectado 889 casos en seres humanos la mayor\u00eda de ellos con contactos probados con animales enfermos -generalmente vacunos- de los cuales 463 fallecieron). Por el momento no se han detectado contagios entre seres humanos pero la probabilidad de esta ocurrencia es alta ya que en abril de este a\u00f1o se confirm\u00f3 por an\u00e1lisis gen\u00f3mico la transmisi\u00f3n entre animales (vacunos) que se supon\u00eda solo eran v\u00edctimas terminales de la transmisi\u00f3n.<\/p>\n\n\n\n<p>Mientras tanto el actual gobierno de Argentina se neg\u00f3 a firmar un acuerdo internacional en el marco de la OMS para coordinar medidas sanitarias conjuntas frente a posibles riesgos pand\u00e9micos.<\/p>\n\n\n\n<p><em>Se puede acceder a la nota completa a trav\u00e9s del&nbsp;<strong><a href=\"https:\/\/www.thinkglobalhealth.org\/article\/timeline-h5n1-bird-flu-outbreak-us\" target=\"_blank\" rel=\"noreferrer noopener\">enlace<\/a><\/strong><\/em><\/p>\n\n\n\n<p><strong><em>\u00bfY por casa?<\/em>&nbsp;<em>Un mensaje desde Jap\u00f3n; \u201cel tensi\u00f3metro en los barrios\u201d<\/em><\/strong><\/p>\n\n\n\n<p>A medida que la poblaci\u00f3n mundial envejece, m\u00e1s personas se ven afectadas. El n\u00famero de personas que viven con presi\u00f3n arterial alta se duplic\u00f3 en los \u00faltimos 30 a\u00f1os: alrededor de 1.300 millones. Como no hay s\u00edntomas evidentes, casi la mitad ni siquiera lo sabe, y 4 de cada 5 no reciben el tratamiento adecuado. Esta combinaci\u00f3n hace que la presi\u00f3n arterial alta tenga un enorme impacto y sorprendentemente se descuide.<\/p>\n\n\n\n<p>La buena noticia es que tratarlo es barato y eficaz, con medicamentos cuya patente ya no est\u00e1 vigente y cuestan casi nada. Los ex\u00e1menes comunitarios para detectar la hipertensi\u00f3n cuestan menos de un d\u00f3lar por persona y la prescripci\u00f3n de medicamentos suele costar s\u00f3lo entre tres y once d\u00f3lares al a\u00f1o. Las investigaciones demuestran que controlar la hipertensi\u00f3n en la mitad m\u00e1s pobre del mundo costar\u00eda unos 3.500 millones de d\u00f3lares, pero salvar\u00eda casi un mill\u00f3n de vidas al a\u00f1o. Cada d\u00f3lar gastado supondr\u00eda un retorno de 16 d\u00f3lares para la sociedad, lo que la convierte en&nbsp;<a href=\"https:\/\/www.japantimes.co.jp\/commentary\/2024\/05\/03\/world\/priorities-policies-education-government\/\" target=\"_blank\" rel=\"noreferrer noopener\"><em>una de las pol\u00edticas&nbsp;sanitarias&nbsp;m\u00e1s costo\/efectivas del mundo<\/em><\/a><em>.<\/em><\/p>\n\n\n\n<p><em>Se puede acceder a la nota completa a trav\u00e9s del&nbsp;<a href=\"https:\/\/www.japantimes.co.jp\/commentary\/2024\/06\/28\/world\/high-blood-pressure-silent-killer\/\" target=\"_blank\" rel=\"noreferrer noopener\"><strong>enlace<\/strong><\/a><\/em><a href=\"https:\/\/revistasoberaniasanitaria.com.ar\/reporte-de-salud-internacional-17\/\"><\/a><\/p>\n","protected":false},"excerpt":{"rendered":"<p>Por Mario Rovere.\u00a0Publicado en Revista Soberan\u00eda Sanitaria. Efecto mariposa (todo tiene que ver con todo): El planeta en modo \u201ccomerse las u\u00f1as\u201d El debate presidencial en Estados Unidos del 27 de junio confirm\u00f3 la que [&hellip;]<\/p>\n","protected":false},"author":1,"featured_media":2534,"comment_status":"closed","ping_status":"open","sticky":false,"template":"","format":"standard","meta":{"footnotes":""},"categories":[123],"tags":[],"class_list":["post-2601","post","type-post","status-publish","format-standard","has-post-thumbnail","hentry","category-salud-internacional"],"_links":{"self":[{"href":"https:\/\/campusff.ms.gba.gov.ar\/comunidaddea-ff\/wp-json\/wp\/v2\/posts\/2601","targetHints":{"allow":["GET"]}}],"collection":[{"href":"https:\/\/campusff.ms.gba.gov.ar\/comunidaddea-ff\/wp-json\/wp\/v2\/posts"}],"about":[{"href":"https:\/\/campusff.ms.gba.gov.ar\/comunidaddea-ff\/wp-json\/wp\/v2\/types\/post"}],"author":[{"embeddable":true,"href":"https:\/\/campusff.ms.gba.gov.ar\/comunidaddea-ff\/wp-json\/wp\/v2\/users\/1"}],"replies":[{"embeddable":true,"href":"https:\/\/campusff.ms.gba.gov.ar\/comunidaddea-ff\/wp-json\/wp\/v2\/comments?post=2601"}],"version-history":[{"count":2,"href":"https:\/\/campusff.ms.gba.gov.ar\/comunidaddea-ff\/wp-json\/wp\/v2\/posts\/2601\/revisions"}],"predecessor-version":[{"id":2689,"href":"https:\/\/campusff.ms.gba.gov.ar\/comunidaddea-ff\/wp-json\/wp\/v2\/posts\/2601\/revisions\/2689"}],"wp:featuredmedia":[{"embeddable":true,"href":"https:\/\/campusff.ms.gba.gov.ar\/comunidaddea-ff\/wp-json\/wp\/v2\/media\/2534"}],"wp:attachment":[{"href":"https:\/\/campusff.ms.gba.gov.ar\/comunidaddea-ff\/wp-json\/wp\/v2\/media?parent=2601"}],"wp:term":[{"taxonomy":"category","embeddable":true,"href":"https:\/\/campusff.ms.gba.gov.ar\/comunidaddea-ff\/wp-json\/wp\/v2\/categories?post=2601"},{"taxonomy":"post_tag","embeddable":true,"href":"https:\/\/campusff.ms.gba.gov.ar\/comunidaddea-ff\/wp-json\/wp\/v2\/tags?post=2601"}],"curies":[{"name":"wp","href":"https:\/\/api.w.org\/{rel}","templated":true}]}}