{"id":2598,"date":"2024-07-12T15:02:14","date_gmt":"2024-07-12T18:02:14","guid":{"rendered":"https:\/\/campusff.ms.gba.gov.ar\/comunidaddea-ff\/?p=2598"},"modified":"2024-07-12T15:03:52","modified_gmt":"2024-07-12T18:03:52","slug":"resumen-semanal-de-radio-floreal-3","status":"publish","type":"post","link":"https:\/\/campusff.ms.gba.gov.ar\/comunidaddea-ff\/2024\/07\/12\/resumen-semanal-de-radio-floreal-3\/","title":{"rendered":"Resumen semanal de Radio Floreal #3"},"content":{"rendered":"\n<p><strong>Volv\u00e9 a escuchar los programas de la semana de Radio Floreal<\/strong><\/p>\n\n\n\n<p><a href=\"https:\/\/go.ivoox.com\/rf\/131572687\" data-type=\"link\" data-id=\"https:\/\/go.ivoox.com\/rf\/131572687\"><strong>Floreal Mensajero \u2013 Lunes 11 AM.<\/strong>\u00a0<\/a> En el marco del 9 de Julio, D\u00eda de la Independencia Argentina, recibimos a Carlos Jos\u00e9 Giordano, licenciado en comunicaci\u00f3n social, Ex soldado conscripto combatiente en Malvinas, para conversar sobre el podcast &#8220;Las Noches del Longdon\u201d. Los sonidos de la guerra.<\/p>\n\n\n\n<p><a href=\"https:\/\/go.ivoox.com\/rf\/131533463\" data-type=\"link\" data-id=\"https:\/\/go.ivoox.com\/rf\/131533463\"><strong>DiploMate\u00a0<\/strong>\u2013\u00a0<strong>Mi\u00e9rcoles 11 AM<\/strong><\/a>. Esta semana en Diplomate conocimos la Diplomatura en Liderazgo y Gesti\u00f3n en el Campo de la Enfermer\u00eda con Perspectiva Estrat\u00e9gica, conversamos con sus coordinadores Roberto Repetto y Cecilia Martinez.<\/p>\n\n\n\n<p><a href=\"https:\/\/go.ivoox.com\/rf\/131573124\" data-type=\"link\" data-id=\"https:\/\/go.ivoox.com\/rf\/131573124\"><strong>El ba\u00fal de Avicena<\/strong>\u00a0\u2013\u00a0<strong>Viernes 11 AM<\/strong>.<\/a>\u00a0 En esta oportunidad comenzamos con un nuevo ciclo de arte,  sexualidad e historia. <\/p>\n\n\n\n<p><a href=\"https:\/\/go.ivoox.com\/rf\/131210109\"><strong>Pon\u00e9 REC<\/strong>\u00a0<\/a>\u2013 Es un programa de radio de la Residencia de Epidemiolog\u00eda de Campo de la Secretar\u00eda de Salud de Bah\u00eda\u00a0Blanca que se emite por la Radio UNS, emisora de la Universidad Nacional del Sur, los viernes a las 14 hs. Se puede escuchar por la AM 1240 \u00f3 a trav\u00e9s del sitio de la radio\u00a0<a href=\"https:\/\/radio.uns.edu.ar\/\">https:\/\/radio.uns.edu.ar\/<\/a>\u00a0<\/p>\n\n\n\n<p>El equipo de Radio Floreal te invita a sintonizar con todos estos programas y dem\u00e1s contenidos. Escuchalos en&nbsp;<a href=\"https:\/\/campusff.ms.gba.gov.ar\/floreal\/\">https:\/\/campusff.ms.gba.gov.ar\/floreal\/<\/a><\/p>\n","protected":false},"excerpt":{"rendered":"<p>Volv\u00e9 a escuchar los programas de la semana de Radio Floreal Floreal Mensajero \u2013 Lunes 11 AM.\u00a0 En el marco del 9 de Julio, D\u00eda de la Independencia Argentina, recibimos a Carlos Jos\u00e9 Giordano, licenciado [&hellip;]<\/p>\n","protected":false},"author":4,"featured_media":2584,"comment_status":"closed","ping_status":"open","sticky":false,"template":"","format":"standard","meta":{"footnotes":""},"categories":[5],"tags":[111],"class_list":["post-2598","post","type-post","status-publish","format-standard","has-post-thumbnail","hentry","category-novedades","tag-radio-floreal"],"_links":{"self":[{"href":"https:\/\/campusff.ms.gba.gov.ar\/comunidaddea-ff\/wp-json\/wp\/v2\/posts\/2598","targetHints":{"allow":["GET"]}}],"collection":[{"href":"https:\/\/campusff.ms.gba.gov.ar\/comunidaddea-ff\/wp-json\/wp\/v2\/posts"}],"about":[{"href":"https:\/\/campusff.ms.gba.gov.ar\/comunidaddea-ff\/wp-json\/wp\/v2\/types\/post"}],"author":[{"embeddable":true,"href":"https:\/\/campusff.ms.gba.gov.ar\/comunidaddea-ff\/wp-json\/wp\/v2\/users\/4"}],"replies":[{"embeddable":true,"href":"https:\/\/campusff.ms.gba.gov.ar\/comunidaddea-ff\/wp-json\/wp\/v2\/comments?post=2598"}],"version-history":[{"count":1,"href":"https:\/\/campusff.ms.gba.gov.ar\/comunidaddea-ff\/wp-json\/wp\/v2\/posts\/2598\/revisions"}],"predecessor-version":[{"id":2599,"href":"https:\/\/campusff.ms.gba.gov.ar\/comunidaddea-ff\/wp-json\/wp\/v2\/posts\/2598\/revisions\/2599"}],"wp:featuredmedia":[{"embeddable":true,"href":"https:\/\/campusff.ms.gba.gov.ar\/comunidaddea-ff\/wp-json\/wp\/v2\/media\/2584"}],"wp:attachment":[{"href":"https:\/\/campusff.ms.gba.gov.ar\/comunidaddea-ff\/wp-json\/wp\/v2\/media?parent=2598"}],"wp:term":[{"taxonomy":"category","embeddable":true,"href":"https:\/\/campusff.ms.gba.gov.ar\/comunidaddea-ff\/wp-json\/wp\/v2\/categories?post=2598"},{"taxonomy":"post_tag","embeddable":true,"href":"https:\/\/campusff.ms.gba.gov.ar\/comunidaddea-ff\/wp-json\/wp\/v2\/tags?post=2598"}],"curies":[{"name":"wp","href":"https:\/\/api.w.org\/{rel}","templated":true}]}}