{"id":2582,"date":"2024-06-28T13:45:21","date_gmt":"2024-06-28T16:45:21","guid":{"rendered":"https:\/\/campusff.ms.gba.gov.ar\/comunidaddea-ff\/?p=2582"},"modified":"2024-07-07T16:53:03","modified_gmt":"2024-07-07T19:53:03","slug":"resumen-semanal-de-radio-floreal","status":"publish","type":"post","link":"https:\/\/campusff.ms.gba.gov.ar\/comunidaddea-ff\/2024\/06\/28\/resumen-semanal-de-radio-floreal\/","title":{"rendered":"Resumen semanal de Radio Floreal #1"},"content":{"rendered":"<div id=\"wppb-builder-container\" class=\"wppb-builder-container\">\n<p><strong>Volv\u00e9 a escuchar los programas de la semana de Radio Floreal<\/strong><\/p>\n\n\n\n<p><a href=\"https:\/\/go.ivoox.com\/rf\/130972961?utm_source=embed_podcast_new&amp;utm_medium=share&amp;utm_campaign=new_embeds\" target=\"_blank\" rel=\"noreferrer noopener\"><strong>Bibliograf\u00eda obligatoria\u00a0<\/strong>&#8211; <strong>Martes 11 AM. <\/strong><\/a>Programa period\u00edstico, informativo de entrevistas en profundidad a autores\/investigadores argentinos especializados en salud y sociales, historia y pol\u00edtica.\u00a0En el programa XII del 25 de Junio de 2024 conversamos con Gabriela Pesclevi, Trabajadora Social y Directora de la Biblioteca Central Ernesto S\u00e1bato de la Provincia de Buenos Aires.\u00a0<\/p>\n\n\n\n<p><a href=\"https:\/\/go.ivoox.com\/rf\/130925585?utm_source=embed_podcast_new&amp;utm_medium=share&amp;utm_campaign=new_embeds\" target=\"_blank\" rel=\"noreferrer noopener\"><strong>DiploMate\u00a0<\/strong>&#8211; <strong>Mi\u00e9rcoles 11 AM<\/strong><\/a>. Conectamos saberes y experiencias en el campo de la salud y la educaci\u00f3n. Acompa\u00f1anos en este viaje educativo a trav\u00e9s de las voces de los formadores de la Escuela de Gobierno en Salud &#8220;Floreal Ferrara&#8221;. El mi\u00e9rcoles 26 de Junio de 2024 dialogamos con Norberto Shaposnik y Sof\u00eda Iguerabide, trabajadores del Departamento de Estudios de Gobierno en Salud de la Escuela de Gobierno en Salud &#8220;Floreal Ferrara&#8221;.<\/p>\n\n\n\n<p><a href=\"https:\/\/go.ivoox.com\/rf\/131060307?utm_source=embed_podcast_new&amp;utm_medium=share&amp;utm_campaign=new_embeds\" target=\"_blank\" rel=\"noreferrer noopener\"><strong>El ba\u00fal de Avicena<\/strong> &#8211; <strong>Viernes 11 AM<\/strong><\/a>. El ba\u00fal de Avicena. Salud, arte sexualidad e historia.\u00a0El 28 de Junio de 2024 entrevistamos a la arquitecta Alicia Preide. Es Especialista en Planificaci\u00f3n de Recursos F\u00edsicos en Salud por la Universidad de Buenos Aires y Coordinadora de la \u201cResidencia de Arquitectura para la Salud\u201d y Asesora de la Escuela de Gobierno en Salud \u201cFloreal Ferrara\u201d. Ministerio de Salud. Prov. Buenos Aires.<\/p>\n\n\n\n<p><strong><a href=\"https:\/\/go.ivoox.com\/rf\/130971448?utm_source=embed_podcast_new&amp;utm_medium=share&amp;utm_campaign=new_embeds\" target=\"_blank\" rel=\"noreferrer noopener\">Pon\u00e9 REC<\/a><\/strong> &#8211; Es un programa de radio de la Residencia de Epidemiolog\u00eda de Campo de la Secretar\u00eda de Salud de Bah\u00eda\u00a0 Blanca que se emite por la Radio UNS, emisora de la Universidad Nacional del Sur, los viernes a las 14 hs. Se puede escuchar por la AM 1240 \u00f3 a trav\u00e9s del sitio de la radio <a href=\"https:\/\/radio.uns.edu.ar\/\">https:\/\/radio.uns.edu.ar\/<\/a> &#8211; Su octava edici\u00f3n &#8220;Soberan\u00eda y seguridad vial&#8221; ya est\u00e1 disponible.<\/p>\n\n\n\n<p>El equipo de Radio Floreal te invita a sintonizar con todos estos programas y dem\u00e1s contenidos. Escuchalos en <a href=\"https:\/\/campusff.ms.gba.gov.ar\/floreal\/\" data-type=\"link\" data-id=\"https:\/\/campusff.ms.gba.gov.ar\/floreal\/\">https:\/\/campusff.ms.gba.gov.ar\/floreal\/<\/a><\/p>\n<\/div>","protected":false},"excerpt":{"rendered":"<p>Volv\u00e9 a escuchar los programas de la semana de Radio Floreal Bibliograf\u00eda obligatoria\u00a0&#8211; Martes 11 AM. Programa period\u00edstico, informativo de entrevistas en profundidad a autores\/investigadores argentinos especializados en salud y sociales, historia y pol\u00edtica.\u00a0En el [&hellip;]<\/p>\n","protected":false},"author":4,"featured_media":2584,"comment_status":"closed","ping_status":"open","sticky":false,"template":"","format":"standard","meta":{"footnotes":""},"categories":[5],"tags":[],"class_list":["post-2582","post","type-post","status-publish","format-standard","has-post-thumbnail","hentry","category-novedades"],"_links":{"self":[{"href":"https:\/\/campusff.ms.gba.gov.ar\/comunidaddea-ff\/wp-json\/wp\/v2\/posts\/2582","targetHints":{"allow":["GET"]}}],"collection":[{"href":"https:\/\/campusff.ms.gba.gov.ar\/comunidaddea-ff\/wp-json\/wp\/v2\/posts"}],"about":[{"href":"https:\/\/campusff.ms.gba.gov.ar\/comunidaddea-ff\/wp-json\/wp\/v2\/types\/post"}],"author":[{"embeddable":true,"href":"https:\/\/campusff.ms.gba.gov.ar\/comunidaddea-ff\/wp-json\/wp\/v2\/users\/4"}],"replies":[{"embeddable":true,"href":"https:\/\/campusff.ms.gba.gov.ar\/comunidaddea-ff\/wp-json\/wp\/v2\/comments?post=2582"}],"version-history":[{"count":5,"href":"https:\/\/campusff.ms.gba.gov.ar\/comunidaddea-ff\/wp-json\/wp\/v2\/posts\/2582\/revisions"}],"predecessor-version":[{"id":2596,"href":"https:\/\/campusff.ms.gba.gov.ar\/comunidaddea-ff\/wp-json\/wp\/v2\/posts\/2582\/revisions\/2596"}],"wp:featuredmedia":[{"embeddable":true,"href":"https:\/\/campusff.ms.gba.gov.ar\/comunidaddea-ff\/wp-json\/wp\/v2\/media\/2584"}],"wp:attachment":[{"href":"https:\/\/campusff.ms.gba.gov.ar\/comunidaddea-ff\/wp-json\/wp\/v2\/media?parent=2582"}],"wp:term":[{"taxonomy":"category","embeddable":true,"href":"https:\/\/campusff.ms.gba.gov.ar\/comunidaddea-ff\/wp-json\/wp\/v2\/categories?post=2582"},{"taxonomy":"post_tag","embeddable":true,"href":"https:\/\/campusff.ms.gba.gov.ar\/comunidaddea-ff\/wp-json\/wp\/v2\/tags?post=2582"}],"curies":[{"name":"wp","href":"https:\/\/api.w.org\/{rel}","templated":true}]}}