{"id":2579,"date":"2024-02-26T08:56:53","date_gmt":"2024-02-26T11:56:53","guid":{"rendered":"https:\/\/campusff.ms.gba.gov.ar\/comunidaddea-ff\/?p=2579"},"modified":"2024-06-28T09:03:01","modified_gmt":"2024-06-28T12:03:01","slug":"reporte-de-salud-internacional-1","status":"publish","type":"post","link":"https:\/\/campusff.ms.gba.gov.ar\/comunidaddea-ff\/2024\/02\/26\/reporte-de-salud-internacional-1\/","title":{"rendered":"Reporte de salud internacional #1"},"content":{"rendered":"\n<p><em>Por Mario Rovere.\u00a0<a href=\"https:\/\/revistasoberaniasanitaria.com.ar\/saludinternacional1\/\" target=\"_blank\" rel=\"noreferrer noopener\">Publicado en Revista Soberan\u00eda Sanitaria.<\/a><\/em><\/p>\n\n\n\n<p>Al delinear un primer reporte de la salud con perspectiva internacional surge la necesidad de brindar alguna precisi\u00f3n o contorno del espacio de pertinencia que pretendemos poner en foco.<\/p>\n\n\n\n<p>La salud misma como un constructo podr\u00eda resultar un recorte caprichoso de la realidad tanto en su intersectorialidad como en su internacionalidad. Preciso en su centro y borroso en sus bordes seleccionaremos intencionadamente a. aquellas noticias geopol\u00edticas que sirvan para entender o para prever&nbsp;<em>\u201cel efecto mariposa\u201d<\/em>&nbsp;(por aquello de una mariposa que aletea en oriente desencadena un hurac\u00e1n en occidente) sobre nuestra regi\u00f3n y en nuestro pa\u00eds en un mundo en donde todo tiene que ver con todo, b.&nbsp;<em>\u201cVer y prever\u201d<\/em>&nbsp;aquellas noticias que de manera inmediata o remota pudieran incidir negativa o positivamente sobre nuestra realidad, c.&nbsp;<em>\u201ccontrastar\u201d<\/em>&nbsp;las que puedan servir de par\u00e1metro comparativo o d.&nbsp;<em>\u201c\u00bfy por casa?\u201d<\/em>&nbsp;aquellas que sospechamos podr\u00edan estar ocurriendo en nuestro propio espacio pero que a\u00fan no han sido detectadas o investigadas.<\/p>\n\n\n\n<p>Corramos entonces nuestro primer esbozo para ver si cumplimos con algunas de esas premisas.<\/p>\n\n\n\n<p>Un caso de&nbsp;<em><strong>\u201cefecto mariposa\u201d<\/strong><\/em>:&nbsp;<strong>el poder le tiene horror al vac\u00edo\u2026y siempre termina ocup\u00e1ndolos<\/strong>.<\/p>\n\n\n\n<p>La \u201cguerra\u201d de Israel, la sobreactuaci\u00f3n geopol\u00edtica de Milei, con Estados Unidos e Israel y el posicionamiento de Patricia Bullrich podr\u00edan estar iluminando un supuesto exabrupto que tal vez sea un anuncio. Mientras Estados Unidos el 20 de febrero utiliz\u00f3 su poder de veto para evitar una condena un\u00e1nime del Consejo de seguridad de las Naciones Unidas el desplazamiento forzado de cientos de miles de palestinos arrinconados contra la frontera de Gaza crea un drama humanitario de escasos antecedentes no solo por la magnitud sino por la velocidad de ocurrencia.<\/p>\n\n\n\n<p>La&nbsp;Franja de Gaza&nbsp;tiene una superficie de 365 kil\u00f3metros cuadrados y contaba con 2,26 millones de habitantes, lo que supone el 40,6% de la poblaci\u00f3n del territorio palestino. Desplazados hacia la frontera con Egipto es poco probable que el fin del conflicto culmine en un regreso a los asentamientos precedentes.<\/p>\n\n\n\n<p>Al mismo tiempo Macri, que es Mauricio parece muy interesado en movilizar fondos para operaciones rentables con apoyo de fondos qatar\u00edes de una nueva explotaci\u00f3n de \u201cpozos maduros\u201d que el nuevo directorio de YPF ya puso a la venta \u201ca precio de vaca muerta\u201d en toda la Patagonia.<\/p>\n\n\n\n<p>La Patagonia fue desde su descubrimiento visualizada como tierra de frontera, de conquista y de colonizaci\u00f3n.&nbsp;<\/p>\n\n\n\n<p>El interrogante geopol\u00edtico entonces ser\u00eda \u00bfes Chubut el epicentro geopol\u00edtico de una disputa mundial entre diversos intereses de medio oriente que queda camuflado como una interna del PRO?. As\u00ed el inexplicable (o no tanto) exabrupto de PB \u201cen Chubut no vive nadie\u201d, podr\u00eda resultar el preanuncio de algo m\u00e1s. &nbsp;&nbsp;<\/p>\n\n\n\n<p>Un caso de&nbsp;<em><strong>\u201cVer y prever\u201d<\/strong>.<\/em>&nbsp;<strong>\u201cJugando al aprendiz de brujo; estamos en el horno\u201d<\/strong><\/p>\n\n\n\n<p>Como si fuera poco entre los regalos que nos deja el a\u00f1o 2023 el m\u00e1s \u201cc\u00e1lido\u201d desde que se tenga registro (un adjetivo enga\u00f1oso)&nbsp; es su prolongaci\u00f3n en enero del 2024, mes en el que el planeta sobrepas\u00f3 el apocal\u00edptico l\u00edmite de 1,5 grados por encima de la era preindustrial alcanzando un registro promedio de 1,66 grados de excedente; y nada hace pensar que esta tendencia se va a detener.<\/p>\n\n\n\n<p>Combinado con alteraciones entre fen\u00f3menos de sequ\u00eda y de lluvias, con vientos huracanados el impacto ambiental es global pero las consecuencias pueden resultar &nbsp;muy locales, como sucedi\u00f3 en Bah\u00eda Blanca alterando directa e indirectamente por diferentes v\u00edas la vida y la salud de nuestro pueblo.<\/p>\n\n\n\n<p><a href=\"https:\/\/www.pagina12.com.ar\/711248-enero-fue-el-mas-calido-de-la-historia\" target=\"_blank\" rel=\"noreferrer noopener\">Esta nota de Alejandro Tena en P\u00e1gina 12<\/a>\u00a0pudo haber pasada desapercibida, pero representa un claro ejemplo del significado de los \u201cdeterminantes ambientales sobre la salud\u201d.<\/p>\n\n\n\n<p>Un caso de \u201c<em><strong>Contrastar<\/strong><\/em>\u201d:<strong>&nbsp;dengue en Brasil 2024 se acerca a un mill\u00f3n de casos registrados<\/strong>.<\/p>\n\n\n\n<p>Los estados con mayor incidencia son Minas Gerais, Esp\u00edrito Santo, Paran\u00e1, Go\u00edas, Acre y R\u00edo de Janeiro, as\u00ed como el Distrito Federal. En el caso de Minas Gerais, adem\u00e1s de ser el segundo estado con m\u00e1s incidencia es tambi\u00e9n el que m\u00e1s casos acumula, con m\u00e1s de 352.000.<\/p>\n\n\n\n<p>Aun con una alerta Dengue declarada Brasil y especialmente Rio de Janeiro, siguieron adelante con uno de los combos letales m\u00e1s comprobados en la historia de la salud p\u00fablica: las sinergias entre carnaval y enfermedades vectoriales. &nbsp;La sensaci\u00f3n es que frente a la expansi\u00f3n del Dengue y luego de la fatiga y los efectos pol\u00edticos paradojales generados por la pandemia COVID 19 hay una cierta resignaci\u00f3n que transforma la epidemia m\u00e1s en un problema de saturaci\u00f3n de servicios de salud que en objeto de pol\u00edticas p\u00fablicas de prevenci\u00f3n y de bloqueo.<\/p>\n\n\n\n<p>Al pasar el significativo n\u00famero de un mill\u00f3n de casos el Ministerio de Salud de Brasil se dispone hoy, 2 de marzo, a lanzar un d\u00eda D de lucha contra el Dengue en todo el pa\u00eds.<\/p>\n\n\n\n<p>La Ministra, Nisia Trinidad en persona se pone al frente de esta jornada de sensibilizaci\u00f3n que convoca a la poblaci\u00f3n y a las autoridades estaduales y municipales de todo el pa\u00eds.<\/p>\n\n\n\n<p><a href=\"https:\/\/agenciabrasil.ebc.com.br\/es\/saude\/noticia\/2024-02\/brasil-realizara-un-dia-d-de-combate-al-dengue\" target=\"_blank\" rel=\"noreferrer noopener\">https:\/\/agenciabrasil.ebc.com.br\/es\/saude\/noticia\/2024-02\/brasil-realizara-un-dia-d-de-combate-al-dengue<\/a><\/p>\n\n\n\n<p>Un caso de&nbsp;<strong><em>\u201c\u00bfY por casa?\u201d.<\/em>&nbsp;Los alimentos ultraprocesados en la mira<\/strong><\/p>\n\n\n\n<p>En tapa The Guardian del 29\/2 se reporta un estudio multic\u00e9ntrico de gran escala publicada en el British Medical Journal (BMJ).<\/p>\n\n\n\n<p>\u201cLos alimentos ultraprocesados \u200b\u200b(UPF sus siglas en ingl\u00e9s) est\u00e1n directamente relacionados con 32 efectos nocivos para la salud, incluido un mayor riesgo de enfermedades card\u00edacas, c\u00e1ncer, diabetes tipo 2, salud mental adversa y muerte prematura, seg\u00fan la revisi\u00f3n m\u00e1s grande de su tipo realizada en el mundo.<\/p>\n\n\n\n<p>Los hallazgos de la primera revisi\u00f3n general integral de la evidencia se producen en medio de un consumo mundial en r\u00e1pido aumento de UPF, como cereales, barras de prote\u00ednas, bebidas gaseosas, comidas preparadas y comida r\u00e1pida.<\/p>\n\n\n\n<p>En el Reino Unido y Estados Unidos, m\u00e1s de la mitad de la dieta promedio se compone actualmente de alimentos ultraprocesados.&nbsp;Para algunos, especialmente las personas m\u00e1s j\u00f3venes, m\u00e1s pobres o de zonas desfavorecidas, lo t\u00edpico es una dieta que contenga hasta un 80% de UPF\u201d. \u00bfy por casa?\u2026<\/p>\n\n\n\n<p>Nota completa de acceso libre como todo lo que publica el BMJ en\u00a0<a href=\"https:\/\/www.bmj.com\/content\/384\/bmj-2023-077310\" target=\"_blank\" rel=\"noreferrer noopener\">https:\/\/www.bmj.com\/content\/384\/bmj-2023-077310<\/a><\/p>\n\n\n\n<p><a href=\"https:\/\/revistasoberaniasanitaria.com.ar\/saludinternacional2\/\"><strong><\/strong><\/a><\/p>\n","protected":false},"excerpt":{"rendered":"<p>Por Mario Rovere.\u00a0Publicado en Revista Soberan\u00eda Sanitaria. Al delinear un primer reporte de la salud con perspectiva internacional surge la necesidad de brindar alguna precisi\u00f3n o contorno del espacio de pertinencia que pretendemos poner en [&hellip;]<\/p>\n","protected":false},"author":1,"featured_media":2534,"comment_status":"closed","ping_status":"open","sticky":false,"template":"","format":"standard","meta":{"footnotes":""},"categories":[123],"tags":[],"class_list":["post-2579","post","type-post","status-publish","format-standard","has-post-thumbnail","hentry","category-salud-internacional"],"_links":{"self":[{"href":"https:\/\/campusff.ms.gba.gov.ar\/comunidaddea-ff\/wp-json\/wp\/v2\/posts\/2579","targetHints":{"allow":["GET"]}}],"collection":[{"href":"https:\/\/campusff.ms.gba.gov.ar\/comunidaddea-ff\/wp-json\/wp\/v2\/posts"}],"about":[{"href":"https:\/\/campusff.ms.gba.gov.ar\/comunidaddea-ff\/wp-json\/wp\/v2\/types\/post"}],"author":[{"embeddable":true,"href":"https:\/\/campusff.ms.gba.gov.ar\/comunidaddea-ff\/wp-json\/wp\/v2\/users\/1"}],"replies":[{"embeddable":true,"href":"https:\/\/campusff.ms.gba.gov.ar\/comunidaddea-ff\/wp-json\/wp\/v2\/comments?post=2579"}],"version-history":[{"count":1,"href":"https:\/\/campusff.ms.gba.gov.ar\/comunidaddea-ff\/wp-json\/wp\/v2\/posts\/2579\/revisions"}],"predecessor-version":[{"id":2580,"href":"https:\/\/campusff.ms.gba.gov.ar\/comunidaddea-ff\/wp-json\/wp\/v2\/posts\/2579\/revisions\/2580"}],"wp:featuredmedia":[{"embeddable":true,"href":"https:\/\/campusff.ms.gba.gov.ar\/comunidaddea-ff\/wp-json\/wp\/v2\/media\/2534"}],"wp:attachment":[{"href":"https:\/\/campusff.ms.gba.gov.ar\/comunidaddea-ff\/wp-json\/wp\/v2\/media?parent=2579"}],"wp:term":[{"taxonomy":"category","embeddable":true,"href":"https:\/\/campusff.ms.gba.gov.ar\/comunidaddea-ff\/wp-json\/wp\/v2\/categories?post=2579"},{"taxonomy":"post_tag","embeddable":true,"href":"https:\/\/campusff.ms.gba.gov.ar\/comunidaddea-ff\/wp-json\/wp\/v2\/tags?post=2579"}],"curies":[{"name":"wp","href":"https:\/\/api.w.org\/{rel}","templated":true}]}}