{"id":2577,"date":"2024-03-11T08:53:55","date_gmt":"2024-03-11T11:53:55","guid":{"rendered":"https:\/\/campusff.ms.gba.gov.ar\/comunidaddea-ff\/?p=2577"},"modified":"2024-06-28T08:56:26","modified_gmt":"2024-06-28T11:56:26","slug":"reporte-de-salud-internacional-3","status":"publish","type":"post","link":"https:\/\/campusff.ms.gba.gov.ar\/comunidaddea-ff\/2024\/03\/11\/reporte-de-salud-internacional-3\/","title":{"rendered":"Reporte de salud internacional #3"},"content":{"rendered":"\n<p><em>Por Mario Rovere.\u00a0<a href=\"https:\/\/revistasoberaniasanitaria.com.ar\/reporte-de-salud-internacional-3\/\" target=\"_blank\" rel=\"noreferrer noopener\">Publicado en Revista Soberan\u00eda Sanitaria.<\/a><\/em><\/p>\n\n\n\n<p><em>Efecto mariposa: China habla (y mueve sus piezas)<\/em><\/p>\n\n\n\n<p>Mientras la prensa occidental refuerza una suerte de apartheid sobre otras miradas; escuchar la voz de China trae siempre un efecto complementario.<\/p>\n\n\n\n<p>Wang Yi &nbsp;Ministro de Asuntos Exteriores chino, sube el tono contra los apoyos internacionales a Taiwan con una amenaza en clave oriental \u201d&nbsp;<em>Quien tolere esa independencia y la apoye en la escena internacional ser\u00e1 consumido por el fuego que \u00e9l encendi\u00f3 y comer\u00e1 los frutos amargos que sembr\u00f3\u201d.<\/em><\/p>\n\n\n\n<p>Remarca una alianza estrat\u00e9gica, pero no b\u00e9lica con Rusia, descarta volver a la Guerra fr\u00eda y respecto al conflicto en medio oriente indica que&nbsp;<em>\u201cSalir de la espiral del conflicto palestino-israel\u00ed de una vez por todas, eliminar el terreno f\u00e9rtil para ideas extremistas de todo tipo y lograr verdaderamente una paz duradera en el Medio Oriente no es posible excepto restaurando los derechos del pueblo palestino\u201d y la implementaci\u00f3n de la \u201csoluci\u00f3n de dos Estados\u201d<\/em>.<\/p>\n\n\n\n<p><em>\u201cY por casa\u201d la salud mental en estudio<\/em><\/p>\n\n\n\n<p>La siempre reconocida calidad de las estad\u00edsticas chilenas permite -como siempre- la detecci\u00f3n de epidemias silenciosas, en este caso la detecci\u00f3n de un fen\u00f3meno poco estudiado; el incremento masivo de problemas de salud mental luego de la pandemia. Aunque el estudio muy detallado se orienta a medir las p\u00e9rdidas econ\u00f3micas por el incremento de ausentismo, el detallado reporte permite dimensionar el antes despu\u00e9s (2018 vs 2023) detectar diferenciales por g\u00e9nero, por clase social ya que compara los asegurados por ISAPREs y los de Cobertura P\u00fablica -FONASA) &nbsp;&nbsp;<\/p>\n\n\n\n<p>Se puede acceder al full text en\u00a0<a href=\"https:\/\/www.supersalud.gob.cl\/documentacion\/666\/articles-26644_recurso_1.pdf\" target=\"_blank\" rel=\"noreferrer noopener\">supersalud<\/a><\/p>\n\n\n\n<p><em>Contraste \u201caqu\u00ed y all\u00e1\u201d<\/em><\/p>\n\n\n\n<p>La enfermer\u00eda espa\u00f1ola resulta siempre un interesante espejo para entender los largos y dificultosos procesos de profesionalizaci\u00f3n, en contraste con el mundo anglosaj\u00f3n.<\/p>\n\n\n\n<p>\u201cel sindicato mayoritario de enfermer\u00eda, ha trasladado una moci\u00f3n a todos los partidos con representaci\u00f3n en los diferentes parlamentos auton\u00f3micos para que se inste al Gobierno a&nbsp;<strong>\u201cacabar con la discriminaci\u00f3n<\/strong>&nbsp;que sufren las enfermeras y fisioterapeutas dentro del Grupo A de la Administraci\u00f3n P\u00fablica\u201d. Esta lucha se suma a la que mantienen para lograr el desarrollo pleno de todas las&nbsp;<strong>especialidades<\/strong>, que es desde hace a\u00f1os una de las&nbsp;<strong>principales demandas de la profesi\u00f3n\u201d<\/strong>.<\/p>\n\n\n\n<p>Un escaso reconocimiento en las carreras sanitarias, un desaliento a la especializaci\u00f3n, y una discriminaci\u00f3n en el mercado de trabajo resultan un patr\u00f3n conocido que hermana a la enfermer\u00eda espa\u00f1ola con la latinoamericana en sus problemas y en sus anhelos.<\/p>\n\n\n\n<p>Se puede acceder a la nota en\u00a0<a href=\"https:\/\/www.infobae.com\/espana\/2024\/03\/10\/estas-son-las-7-especialidades-enfermeras-que-existen-en-espana\/\" target=\"_blank\" rel=\"noreferrer noopener\">Infobae<\/a><\/p>\n\n\n\n<p><em>Ver \u00bfpermite anticipar? Europa unifica la digitalizaci\u00f3n de la salud<\/em><\/p>\n\n\n\n<p>La Comisi\u00f3n europea establece normas para el uso de los datos sanitarios para \u201cmejorar la&nbsp;<strong>prestaci\u00f3n de asistencia sanitaria, la investigaci\u00f3n, la innovaci\u00f3n y la elaboraci\u00f3n de pol\u00edticas\u201d<\/strong>. Las nuevas normas buscan aprovechar el potencial que ofrece el intercambio, el uso y la reutilizaci\u00f3n seguros y protegidos de los datos sanitarios, garantizando al mismo tiempo el&nbsp;<strong>pleno cumplimiento de las estrictas normas de protecci\u00f3n de datos de la UE<\/strong>.<\/p>\n\n\n\n<p>\u201cCon arreglo a las nuevas normas,&nbsp;<strong>los ciudadanos tendr\u00e1n acceso inmediato y f\u00e1cil a sus datos sanitarios digitales dondequiera que se encuentren en la UE<\/strong>. Los profesionales sanitarios podr\u00e1n acceder a los historiales m\u00e9dicos de un paciente cuando sea necesario para recibir&nbsp;<strong>tratamiento en otro Estado miembro,&nbsp;<\/strong>lo que permitir\u00e1 la toma de decisiones basada en pruebas, de plena conformidad con las normas de protecci\u00f3n de datos de la UE. Se promueve &nbsp;\u201cun&nbsp;<strong>s\u00f3lido marco jur\u00eddico para la reutilizaci\u00f3n de los datos sanitarios\u201d<\/strong>&nbsp;con fines de investigaci\u00f3n, innovaci\u00f3n y salud p\u00fablica. \u201cLos datos ayudar\u00e1n a&nbsp;<strong>desarrollar tratamientos vitales y medicamentos personalizados<\/strong>, pero tambi\u00e9n mejorar\u00e1n la&nbsp;<strong>preparaci\u00f3n ante<\/strong>&nbsp;las crisis, en condiciones estrictas de seguridad de los datos y de acceso, y respetando los derechos fundamentales\u201d.<\/p>\n\n\n\n<p>Se puede acceder a la nota en\u00a0<a href=\"https:\/\/ec.europa.eu\/commission\/presscorner\/detail\/es\/ip_24_1346\" target=\"_blank\" rel=\"noreferrer noopener\">europa.eu<\/a><\/p>\n\n\n\n<p><em>Ver permite prever, prepararse, anticiparse<\/em><\/p>\n\n\n\n<p>\u201cAntic\u00edpate\u201d \u00bfel futuro incluir\u00e1 que salud tenga locales en los shoppings? . As\u00ed parece insinuarlo una tienda para detectar precozmente y para explicar la ventaja de lidiar con la combinaci\u00f3n fatal de Enfermedad Renal Cr\u00f3nica (ERC) , Diabetes, hipertensi\u00f3n y obesidad. Test r\u00e1pidos, informaci\u00f3n, conferencias y realidad virtual en la semana mundial de la ERC. El apoyo y esponsoreo de Astrazeneca&nbsp; deja se\u00f1ales del inter\u00e9s de la industria en esta innovaci\u00f3n.<\/p>\n\n\n\n<p>Se puede acceder a la nota en\u00a0<a href=\"https:\/\/elglobal.es\/industria\/astrazeneca-pone-en-marcha-una-health-test-store-para-detectar-precozmente-erc-insuficiencia-cardiaca-y-diabetes\/\" target=\"_blank\" rel=\"noreferrer noopener\">elglobal.es<\/a><\/p>\n\n\n\n<p><em>\u201cmirada Latinoamericana\u201d, una epidemiolog\u00eda de la violencia<\/em><\/p>\n\n\n\n<p>\u201cHubo un tiempo\u2026\u201d Hait\u00ed \u00bffoto o espejo?; es lo que Eric Calcagno nos invita a pensar. El capitalismo y la econom\u00eda \u201cen negro\u201d (no es una iron\u00eda) en su fase arrasadora sobre el Estado emparenta a aquella insolente y precoz independencia haitiana de 1804 y emparenta el norte mexicano, los c\u00e1rteles de Cali, Sinaloa, las maras \u201cmade in USA\u201d, la inestabilidad ecuatoriana, la pseudodemocracia peruana con la crisis de Rosario y el s\u00edndico liquidador del estado argentino que nos gobierna. Aunque la apelaci\u00f3n al medioevo sea un recurso f\u00e1cil, los ultrarricos se asemejan a los se\u00f1ores feudales, ahora globales, porque sus ganancias actuales est\u00e1n ensangrentadas, atadas a que el Estado pierda el monopolio de la fuerza, destruyendo as\u00ed el \u00faltimo obst\u00e1culo para incrementar estas obscenas inequidades.<\/p>\n","protected":false},"excerpt":{"rendered":"<p>Por Mario Rovere.\u00a0Publicado en Revista Soberan\u00eda Sanitaria. Efecto mariposa: China habla (y mueve sus piezas) Mientras la prensa occidental refuerza una suerte de apartheid sobre otras miradas; escuchar la voz de China trae siempre un [&hellip;]<\/p>\n","protected":false},"author":1,"featured_media":2534,"comment_status":"closed","ping_status":"open","sticky":false,"template":"","format":"standard","meta":{"footnotes":""},"categories":[123],"tags":[],"class_list":["post-2577","post","type-post","status-publish","format-standard","has-post-thumbnail","hentry","category-salud-internacional"],"_links":{"self":[{"href":"https:\/\/campusff.ms.gba.gov.ar\/comunidaddea-ff\/wp-json\/wp\/v2\/posts\/2577","targetHints":{"allow":["GET"]}}],"collection":[{"href":"https:\/\/campusff.ms.gba.gov.ar\/comunidaddea-ff\/wp-json\/wp\/v2\/posts"}],"about":[{"href":"https:\/\/campusff.ms.gba.gov.ar\/comunidaddea-ff\/wp-json\/wp\/v2\/types\/post"}],"author":[{"embeddable":true,"href":"https:\/\/campusff.ms.gba.gov.ar\/comunidaddea-ff\/wp-json\/wp\/v2\/users\/1"}],"replies":[{"embeddable":true,"href":"https:\/\/campusff.ms.gba.gov.ar\/comunidaddea-ff\/wp-json\/wp\/v2\/comments?post=2577"}],"version-history":[{"count":1,"href":"https:\/\/campusff.ms.gba.gov.ar\/comunidaddea-ff\/wp-json\/wp\/v2\/posts\/2577\/revisions"}],"predecessor-version":[{"id":2578,"href":"https:\/\/campusff.ms.gba.gov.ar\/comunidaddea-ff\/wp-json\/wp\/v2\/posts\/2577\/revisions\/2578"}],"wp:featuredmedia":[{"embeddable":true,"href":"https:\/\/campusff.ms.gba.gov.ar\/comunidaddea-ff\/wp-json\/wp\/v2\/media\/2534"}],"wp:attachment":[{"href":"https:\/\/campusff.ms.gba.gov.ar\/comunidaddea-ff\/wp-json\/wp\/v2\/media?parent=2577"}],"wp:term":[{"taxonomy":"category","embeddable":true,"href":"https:\/\/campusff.ms.gba.gov.ar\/comunidaddea-ff\/wp-json\/wp\/v2\/categories?post=2577"},{"taxonomy":"post_tag","embeddable":true,"href":"https:\/\/campusff.ms.gba.gov.ar\/comunidaddea-ff\/wp-json\/wp\/v2\/tags?post=2577"}],"curies":[{"name":"wp","href":"https:\/\/api.w.org\/{rel}","templated":true}]}}