{"id":2575,"date":"2024-03-18T08:51:39","date_gmt":"2024-03-18T11:51:39","guid":{"rendered":"https:\/\/campusff.ms.gba.gov.ar\/comunidaddea-ff\/?p=2575"},"modified":"2024-06-28T08:53:16","modified_gmt":"2024-06-28T11:53:16","slug":"reporte-de-salud-internacional-4","status":"publish","type":"post","link":"https:\/\/campusff.ms.gba.gov.ar\/comunidaddea-ff\/2024\/03\/18\/reporte-de-salud-internacional-4\/","title":{"rendered":"Reporte de salud internacional #4"},"content":{"rendered":"\n<p><em>Por Mario Rovere.\u00a0<a href=\"https:\/\/revistasoberaniasanitaria.com.ar\/reporte-de-salud-internacional-4\/\" target=\"_blank\" rel=\"noreferrer noopener\">Publicado en Revista Soberan\u00eda Sanitaria.<\/a><\/em><\/p>\n\n\n\n<p><strong><em>Efecto mariposa (todo tiene que ver con todo):<\/em><\/strong><\/p>\n\n\n\n<p>Nadie duda que una tercera guerra mundial necesariamente ser\u00eda con armas nucleares. En la l\u00f3gica occidental una guerra es mundial cuando se dirime en territorio europeo porque desde la segunda guerra mundial no han cesado los conflictos, los desplazamientos, los genocidios, los cr\u00edmenes de guerra en todo el planeta, pero reci\u00e9n el regreso de estas calamidades a territorio ucraniano (europeo) desenterr\u00f3 ese fantasma 70 a\u00f1os despu\u00e9s.<\/p>\n\n\n\n<p>El presidente de Rusia que acaba de ganar por cifras contundentes su reelecci\u00f3n, algo previsible en un pa\u00eds en guerra- sostiene una escalada verbal con el presidente de Francia llena de amenazas rec\u00edprocas.<\/p>\n\n\n\n<p>\u201c<em>La convicci\u00f3n compartida con nuestros socios esta tarde es que Rusia no puede ni debe ganar en Ucrania.&nbsp;<\/em>En conferencia con l\u00edderes de la Uni\u00f3n Europea y la OTAN, el pasado 27 de febrero, Macron declar\u00f3 que no es descartable enviar tropas occidentales a Ucrania. \u00abHoy no hay consenso para enviar de manera oficial tropas sobre el terreno. Pero en t\u00e9rminos de din\u00e1mica, no se puede descartar nada\u00bb, plante\u00f3.<\/p>\n\n\n\n<p>Mientras tanto Put\u00edn que gracias a un acuerdo estrat\u00e9gico, comercial pero no b\u00e9lico con China eludi\u00f3 las sanciones econ\u00f3mica de Occidente contest\u00f3 las amenazas de Macr\u00f3n y ante la pregunta de un periodista en rueda de prensa dijo que \u00abtodo es posible en el mundo actual y si eso ocurre (que la OTAN mande tropas) ser\u00eda un conflicto de gran escala y estar\u00edamos frente a una tercera guerra mundial y creo que nadie quiere eso\u00bb.&nbsp;<\/p>\n\n\n\n<p>Se puede acceder a trav\u00e9s de\u00a0<a href=\"https:\/\/www.lapoliticaonline.com\/internacionales\/putin-comienza-su-quinto-mandato-en-rusia-y-amenaza-a-macron-con-iniciar-la-tercera-guerra-mundial\/\" target=\"_blank\" rel=\"noreferrer noopener\">La Pol\u00edtica Online<\/a><\/p>\n\n\n\n<p><strong><em>\u201cY por casa\u201d (alta presunci\u00f3n que aqu\u00ed podr\u00eda pasar algo similar)<\/em><\/strong><\/p>\n\n\n\n<p><em>&nbsp;<\/em>Canad\u00e1, uno de los pa\u00edses modelo de atenci\u00f3n primaria basado en enfermeras comunitarias y m\u00e9dicos de familia ve retroceder luego de la pandemia sus logros por un conjunto de factores que por aqu\u00ed podr\u00edan resultar \u201cfamiliares\u201d y aun m\u00e1s extremos.<\/p>\n\n\n\n<p>El acceso a la Medicina Familiar viene cayendo desde 2016 con \u00e9nfasis en la poblaci\u00f3n de menores ingresos, aunque arranca muy alta cae mas que el promedio de los 10 pa\u00edses con sistemas basados en la APS y sustentada en medicina familiar (Commonwealth). \u201cLos hospitales tienden a llevar la batuta y all\u00ed es donde va el dinero\u201d; el n\u00famero de plazas de residencias de medicina familiar que quedan vacantes sigue subiendo; en los 10 pa\u00edses comparados Canad\u00e1 tiene la proporci\u00f3n mas baja de encuestados que afirman poder acceder en el d\u00eda a un m\u00e9dico o a una enfermera si lo requirieran (26 %) y mas del 10 % de los encuestados afirma no haber podido comprar sus medicamentos o que los ha debido racionar.<\/p>\n\n\n\n<p>Se puede acceder a trav\u00e9s de\u00a0<a href=\"https:\/\/www.cbc.ca\/news\/health\/cihi-family-medicine-1.7150378\" target=\"_blank\" rel=\"noreferrer noopener\">cbc.ca<\/a><\/p>\n\n\n\n<p><strong><em>Las barbas en remojo (Ver\/prever lo que tambi\u00e9n por aqu\u00ed podr\u00eda pasar)<\/em><\/strong><\/p>\n\n\n\n<p>Nuevamente las embarazadas como grupo de riesgo, ahora del Dengue. La coordinaci\u00f3n para la cooperaci\u00f3n humanitaria de la ONU (ONU OCHA) informa:<\/p>\n\n\n\n<p>\u201cSeg\u00fan el Ministerio de Salud de Brasil, los casos de dengue entre mujeres embarazadas han aumentado significativamente en el 2024, alcanzando los 5.151 en las primeras 6 semanas del a\u00f1o, en comparaci\u00f3n con los 1.157 registrados en el mismo per\u00edodo del 2023\u201d. (un dato que ya envejeci\u00f3 porque a la fecha Brasil super\u00f3 los dos millones de casos e increment\u00f3 su letalidad de 2,5 a 3,2 por 10.000 con 725 fallecidos)<\/p>\n\n\n\n<p>\u201cEste aumento preocupa debido a que las mujeres embarazadas y pu\u00e9rperas son especialmente vulnerables a complicaciones asociadas con el dengue. Entre estas complicaciones se incluyen mayor morbimortalidad materna y riesgos perinatales como prematuridad, restricci\u00f3n del crecimiento intrauterino y muerte fetal\u201d.<\/p>\n\n\n\n<p>\u201cPara abordar esta problem\u00e1tica, se lanz\u00f3 el \u00abManual para la prevenci\u00f3n, diagn\u00f3stico y tratamiento del dengue en el embarazo y el puerperio\u00bb, que tiene como objetivo proporcionar pautas espec\u00edficas para el manejo del dengue en mujeres embarazadas y pu\u00e9rperas, con el fin de promover la salud materno-fetal y prevenir complicaciones\u201d.<\/p>\n\n\n\n<p>Se puede acceder a trav\u00e9s de\u00a0<a href=\"https:\/\/reliefweb.int\/report\/brazil\/aumento-alarmante-de-casos-de-dengue-en-embarazadas-en-brasil-lanzan-manual-para-la-prevencion-y-atencion-especializada\" target=\"_blank\" rel=\"noreferrer noopener\">reliefweb.int<\/a><\/p>\n\n\n\n<p><strong><em>Nueva secci\u00f3n \u201cbienes p\u00fablicos globales\u201d<\/em><\/strong><\/p>\n\n\n\n<p><em>&nbsp;<\/em>Un premio espa\u00f1ol otorgado esta semana en Madrid, con la presencia de la reina Letizia, brind\u00f3 visibilidad a una plataforma de acceso abierto -aunque esponsoreada por el laboratorio Sandoz- para hacer accesible la informaci\u00f3n sobre medicamentos que suelen venir en prospectos de letra m\u00ednima, dentro de cada envase, con jerga inaccesible y cierta sospecha de parcialidad.<\/p>\n\n\n\n<p>Se puede acceder a trav\u00e9s de\u00a0<a href=\"https:\/\/plenainclusionmadrid.org\/salud-mas-facil\/\" target=\"_blank\" rel=\"noreferrer noopener\">plenainclusionmadrid.org<\/a><\/p>\n\n\n\n<p><strong><em>\u201cMirada Latinoamericana\u201d (problemas comunes, estrategias coordinadas)<\/em><\/strong><\/p>\n\n\n\n<p>Dolor Hait\u00ed: Cuando hablamos de \u201cAm\u00e9rica Latina\u201d resulta imprescindible no dejar afuera a este pa\u00eds caribe\u00f1o pionero en la independencia continental frente al colonialismo europeo. Lamentablemente las noticias, coincidentes con lo que sucede en conflictos en otras regiones, es que las instalaciones de salud (hospitales, centros, residencias) no solo han perdido cierta expectativa de neutralidad (el mito suizo representado por la cruz rojas) sino que devienen blancos selectivos de la violencia, b\u00e9lica, pol\u00edtica y social<\/p>\n\n\n\n<p>El propio sistema de salud se encuentra bajo fuego, seg\u00fan la versi\u00f3n internacional del NYT, fruto de las amenazas en Puerto Pr\u00edncipe el personal de salud se da a la fuga y bandas armadas proceden a vandalizar las instalaciones.<\/p>\n\n\n\n<p>\u201cEl Hospital Universitario del Estado, el hospital p\u00fablico m\u00e1s grande del pa\u00eds, est\u00e1 cerrado.&nbsp;Los suministros de sangre se est\u00e1n agotando, es dif\u00edcil conseguir combustible para hacer funcionar los generadores y, debido a la violencia callejera, las cl\u00ednicas que permanecen abiertas no pueden trasladar a pacientes que necesitan un tratamiento m\u00e1s sofisticado.&nbsp;Los m\u00e9dicos tambi\u00e9n predicen un fuerte aumento de las muertes maternas e infantiles, ya que miles de mujeres se ver\u00e1n obligadas a dar a luz en casa en las pr\u00f3ximas semanas.\u201d<\/p>\n\n\n\n<p>Solo el presidente Lula entre las voces latinoamericanas no ha perdido oportunidad de solicitar respeto y solidaridad internacional con un Hait\u00ed pol\u00edticamente soberano.<\/p>\n\n\n\n<p>Se puede acceder a trav\u00e9s de\u00a0<a href=\"https:\/\/www.nytimes.com\/2024\/03\/17\/world\/americas\/haiti-gang-violence-health.html\" target=\"_blank\" rel=\"noreferrer noopener\">nytimes.com<\/a><a href=\"https:\/\/revistasoberaniasanitaria.com.ar\/reporte-de-salud-internacional-5\/\"><\/a><\/p>\n","protected":false},"excerpt":{"rendered":"<p>Por Mario Rovere.\u00a0Publicado en Revista Soberan\u00eda Sanitaria. Efecto mariposa (todo tiene que ver con todo): Nadie duda que una tercera guerra mundial necesariamente ser\u00eda con armas nucleares. En la l\u00f3gica occidental una guerra es mundial [&hellip;]<\/p>\n","protected":false},"author":1,"featured_media":2534,"comment_status":"closed","ping_status":"open","sticky":false,"template":"","format":"standard","meta":{"footnotes":""},"categories":[123],"tags":[],"class_list":["post-2575","post","type-post","status-publish","format-standard","has-post-thumbnail","hentry","category-salud-internacional"],"_links":{"self":[{"href":"https:\/\/campusff.ms.gba.gov.ar\/comunidaddea-ff\/wp-json\/wp\/v2\/posts\/2575","targetHints":{"allow":["GET"]}}],"collection":[{"href":"https:\/\/campusff.ms.gba.gov.ar\/comunidaddea-ff\/wp-json\/wp\/v2\/posts"}],"about":[{"href":"https:\/\/campusff.ms.gba.gov.ar\/comunidaddea-ff\/wp-json\/wp\/v2\/types\/post"}],"author":[{"embeddable":true,"href":"https:\/\/campusff.ms.gba.gov.ar\/comunidaddea-ff\/wp-json\/wp\/v2\/users\/1"}],"replies":[{"embeddable":true,"href":"https:\/\/campusff.ms.gba.gov.ar\/comunidaddea-ff\/wp-json\/wp\/v2\/comments?post=2575"}],"version-history":[{"count":1,"href":"https:\/\/campusff.ms.gba.gov.ar\/comunidaddea-ff\/wp-json\/wp\/v2\/posts\/2575\/revisions"}],"predecessor-version":[{"id":2576,"href":"https:\/\/campusff.ms.gba.gov.ar\/comunidaddea-ff\/wp-json\/wp\/v2\/posts\/2575\/revisions\/2576"}],"wp:featuredmedia":[{"embeddable":true,"href":"https:\/\/campusff.ms.gba.gov.ar\/comunidaddea-ff\/wp-json\/wp\/v2\/media\/2534"}],"wp:attachment":[{"href":"https:\/\/campusff.ms.gba.gov.ar\/comunidaddea-ff\/wp-json\/wp\/v2\/media?parent=2575"}],"wp:term":[{"taxonomy":"category","embeddable":true,"href":"https:\/\/campusff.ms.gba.gov.ar\/comunidaddea-ff\/wp-json\/wp\/v2\/categories?post=2575"},{"taxonomy":"post_tag","embeddable":true,"href":"https:\/\/campusff.ms.gba.gov.ar\/comunidaddea-ff\/wp-json\/wp\/v2\/tags?post=2575"}],"curies":[{"name":"wp","href":"https:\/\/api.w.org\/{rel}","templated":true}]}}