{"id":2573,"date":"2024-03-25T08:49:06","date_gmt":"2024-03-25T11:49:06","guid":{"rendered":"https:\/\/campusff.ms.gba.gov.ar\/comunidaddea-ff\/?p=2573"},"modified":"2024-06-28T08:51:34","modified_gmt":"2024-06-28T11:51:34","slug":"reporte-de-salud-internacional-5","status":"publish","type":"post","link":"https:\/\/campusff.ms.gba.gov.ar\/comunidaddea-ff\/2024\/03\/25\/reporte-de-salud-internacional-5\/","title":{"rendered":"Reporte de salud internacional #5"},"content":{"rendered":"\n<p><em>Por Mario Rovere.\u00a0<a href=\"https:\/\/revistasoberaniasanitaria.com.ar\/reporte-de-salud-internacional-5\/\" target=\"_blank\" rel=\"noreferrer noopener\">Publicado en Revista Soberan\u00eda Sanitaria.<\/a><\/em><\/p>\n\n\n\n<p><strong><em>Efecto mariposa (todo tiene que ver con todo): Milei jugando en las grandes ligas\u2026pero ahora en tu, en nuestro, nombre<\/em><\/strong><\/p>\n\n\n\n<p>Romper cualquier posibilidad de una Am\u00e9rica Latina unida parece un nuevo, o m\u00e1s bien un renovado, objetivo de la ultraderecha internacional que tuvo su \u201cepisodio actoral\u201d esta semana en una entrevista que se anticip\u00f3 pero que ser\u00e1 difundida este domingo en horario central por la CNN.<\/p>\n\n\n\n<p>Conducido por su \u201cestrella\u201d Andr\u00e9s Oppenheimer, un argentino fuertemente vinculado a la comunidad cubana de Miami-, el programa (Show) tuvo como protagonista al presidente Javier Milei.<\/p>\n\n\n\n<p>\u201cExceder las expectativas del cliente\u201d es un principio del Total Quality Management puesta ampliamente en escena por el entrevistado, reforzado por la fingida cara de asombro de un veterano entrevistador que ya lo ha escuchado todo. &nbsp;El mensaje llega alto, claro y fuerte para la audiencia de la CNN: no solo Cuba y Venezuela, tambi\u00e9n Colombia y M\u00e9xico, como antes Brasil deben ser estigmatizados por un portavoz que ahora cuenta con el meg\u00e1fono adicional de ser presidente de un pa\u00eds como el nuestro.<\/p>\n\n\n\n<p>Probando una vez m\u00e1s que \u201cla duda es una jactancia de los intelectuales\u201d, independiente de la barbaridad o exageraci\u00f3n que enuncie, el presidente \u201cnavega en un mar de certezas\u201d y se anima a decir lo que ni el Consejo de seguridad de las Naciones Unidas, ni el mismo Netanyahu se animar\u00eda a decir \u201cIsrael no est\u00e1 cometiendo ni un solo exceso\u201d.<\/p>\n\n\n\n<p>En ese mismo sentido el New York Time le saca la ficha como profeta del capitalismo apocal\u00edptico, separ\u00e1ndolo del fen\u00f3meno Donald Trump \u201cMilei no es un guerrero comercial proteccionista que se dirige a los perdedores de la globalizaci\u00f3n, sino un defensor radical del libre mercado que cree que se ha hecho demasiado para consolarlos. De esta manera, Milei&nbsp;puede tener&nbsp;m\u00e1s en com\u00fan con los dictadores latinoamericanos de los a\u00f1os 1970 y 1980\u2026 esta vez impuesta no militarmente sino por 55,7 por ciento del voto popular\u201d.<\/p>\n\n\n\n<p>Se puede acceder a trav\u00e9s de\u00a0<a href=\"https:\/\/cnnespanol.cnn.com\/2024\/03\/26\/milei-amlo-ignorante-petro-asesino-orix\/\" target=\"_blank\" rel=\"noreferrer noopener\">cnnespanol.cnn.com<\/a><\/p>\n\n\n\n<p><strong><em>\u201cY por casa\u201d (alta presunci\u00f3n que aqu\u00ed podr\u00eda pasar algo similar)<\/em><\/strong><\/p>\n\n\n\n<p><em>&nbsp;<\/em>No ha pasado un solo d\u00eda desde los tiempos de Margaret Thatcher en que el casi hegem\u00f3nico partido conservador brit\u00e1nico no haya dedicado todos sus esfuerzos a denigrar la estructura, el funcionamiento, la capacidad resolutiva y sobre todo el prestigio del Servicio Nacional de Salud Brit\u00e1nico.<\/p>\n\n\n\n<p>El resultado a la fecha muestra tanto el \u00e9xito como la dilatada resistencia de esta gran instituci\u00f3n de posguerra. Con cierto triunfalismo el muy conservador peri\u00f3dico The Times cita en tapa el 27 de marzo un reporte anual que mide desde 1983 la aprobaci\u00f3n ciudadana que ha ca\u00eddo en 2023 a un ruinoso 24 % (en el 2010 tras una d\u00e9cada de gobiernos laboristas la misma encuesta hab\u00eda registrado un record de 70 % de aprobaci\u00f3n).<\/p>\n\n\n\n<p>La explicaci\u00f3n del record negativo parece estar en las huelgas prolongadisimas generadas por la intransigencia del gobierno de Shunak; -un &nbsp;ultramillonario de origen hind\u00fa-, en los constantes aumentos y duraci\u00f3n de las colas de espera y en el incremento de la participaci\u00f3n de la medicina privada, al punto que por primera vez desde la segunda guerra mundial las medi\u00e1ticas intervenciones a miembros de la casa real se realizan por fuera del NHS.<\/p>\n\n\n\n<p>Tal es la importancia de esta puja que la prestigiosa publicaci\u00f3n British Medical Journal promueve en la quinta asamblea por la Salud de los Pueblos que se realizar\u00e1 la pr\u00f3xima semana en Mar del Plata un taller dedicado a defender y promover los Servicios Nacionales de Salud.<\/p>\n\n\n\n<p>\u00bfEs quiz\u00e1s el anuncio de la necesidad de un Sistema Integrado de Salud en diciembre del 2022 por parte de la entonces vicepresidenta de la Naci\u00f3n un desencadenante m\u00e1s de las \u201cfuerzas del cielo\u201d que promueven el debilitamiento del subsector p\u00fablico en nuestro pa\u00eds? &nbsp;<\/p>\n\n\n\n<p>Se puede acceder a trav\u00e9s de\u00a0<a href=\"https:\/\/www.nuffieldtrust.org.uk\/news-item\/public-satisfaction-with-the-nhs-slumps-to-new-record-low\" target=\"_blank\" rel=\"noreferrer noopener\">muffiledtrust.org.uk<\/a><\/p>\n\n\n\n<p><strong><em>Nueva secci\u00f3n \u201cbienes p\u00fablicos globales\u201d: investigaci\u00f3n p\u00fablica<\/em><\/strong><\/p>\n\n\n\n<p>Una vacuna contra el dengue debe poder lograr una alta eficacia contra los cuatro virus, ser segura y, en \u00faltima instancia, ayudar a contener la propagaci\u00f3n del virus. En otras palabras, debe inducir protecci\u00f3n contra al menos tres y preferiblemente contra los cuatro virus del dengue al mismo tiempo, como si hubiera cuatro vacunas en una.<\/p>\n\n\n\n<p>Ofrecer esta posibilidad en menos tiempo, es decir, en&nbsp;<strong>una sola dosis<\/strong>, podr\u00eda ser el factor decisivo para asegurar una protecci\u00f3n completa m\u00e1s r\u00e1pidamente, deteniendo potencialmente los brotes y protegiendo a quienes m\u00e1s lo necesitan.<\/p>\n\n\n\n<p>El Instituto Butantan ha estado trabajando en el desarrollo de una vacuna contra el dengue desde finales de la d\u00e9cada de 1990. Recientemente publicamos los resultados de la fase primaria 3 de la vacuna candidata en el&nbsp;New England Journal of Medicine.<\/p>\n\n\n\n<p>Se puede acceder a trav\u00e9s de\u00a0<a href=\"https:\/\/www.intramed.net\/contenidover.asp?contenidoid=107073\" target=\"_blank\" rel=\"noreferrer noopener\">intramed.net<\/a><\/p>\n\n\n\n<p><strong><em>\u201cMirada Latinoamericana\u201d (problemas comunes, \u00bfestrategias coordinadas?)<\/em><\/strong><\/p>\n\n\n\n<p>Hace ya m\u00e1s de cuatro d\u00e9cadas, m\u00e1s precisamente en el verano de 1981 una \u201csospechosa\u201d epidemia de Dengue hemorr\u00e1gico (as\u00ed se denominaba en la \u00e9poca) comenz\u00f3 en el \u00e1rea del aeropuerto internacional y se dispers\u00f3 por todo el territorio cubano. 300.000 casos, 11.000 casos graves y 158 fallecidos establecieron el est\u00e1ndar internacional de letalidad de 0.05 % por debajo del cual se considera exitoso el desempe\u00f1o de los servicios de salud. Mas all\u00e1 de la enorme inversi\u00f3n en una red de terapias intensivas en todo el territorio y de la expansi\u00f3n de los bancos de hemoterapia, el orgulloso sistema de salud cubano adquiri\u00f3 un convencimiento para siempre. \u201cno se controla el dengue sin participaci\u00f3n social, sin protagonismo activo, de las familias y de sus organizaciones sociales\u201d. &nbsp;<\/p>\n\n\n\n<p>Casualmente esta semana la OPS alert\u00f3 sobre el aumento de casos de dengue en las Am\u00e9ricas. \u201cHasta el 26 de marzo de 2024, se registraron m\u00e1s de 3,5 millones de casos y m\u00e1s de 1.000 muertes en la regi\u00f3n. \u201cEsto es motivo de preocupaci\u00f3n, ya que representa tres veces m\u00e1s casos que los reportados para esta misma fecha en 2023, a\u00f1o r\u00e9cord con m\u00e1s de 4,5 millones de casos notificados en la regi\u00f3n\u201d.<\/p>\n\n\n\n<p>\u201cHacer frente al dengue es tarea de todos los sectores de la sociedad\u201d, y pidi\u00f3 \u201cinvolucrar a las comunidades para tener \u00e9xito en nuestros esfuerzos\u201d.<\/p>\n\n\n\n<p>Se puede acceder a trav\u00e9s de iris.paho.org al\u00a0<a href=\"http:\/\/chrome-extension\/\/efaidnbmnnnibpcajpcglclefindmkaj\/https:\/\/iris.paho.org\/bitstream\/handle\/10665.2\/15825\/v100n3p322.pdf?sequence=1&amp;isAllowed=y\" target=\"_blank\" rel=\"noreferrer noopener\">documento<\/a>\u00a0y a la\u00a0<a href=\"https:\/\/www.paho.org\/es\/noticias\/28-3-2024-ops-llama-accion-colectiva-ante-aumento-record-casos-dengue-americas\" target=\"_blank\" rel=\"noreferrer noopener\">nota<\/a><a href=\"https:\/\/revistasoberaniasanitaria.com.ar\/panorama-7\/\"><\/a><\/p>\n","protected":false},"excerpt":{"rendered":"<p>Por Mario Rovere.\u00a0Publicado en Revista Soberan\u00eda Sanitaria. Efecto mariposa (todo tiene que ver con todo): Milei jugando en las grandes ligas\u2026pero ahora en tu, en nuestro, nombre Romper cualquier posibilidad de una Am\u00e9rica Latina unida [&hellip;]<\/p>\n","protected":false},"author":1,"featured_media":2534,"comment_status":"closed","ping_status":"open","sticky":false,"template":"","format":"standard","meta":{"footnotes":""},"categories":[123],"tags":[],"class_list":["post-2573","post","type-post","status-publish","format-standard","has-post-thumbnail","hentry","category-salud-internacional"],"_links":{"self":[{"href":"https:\/\/campusff.ms.gba.gov.ar\/comunidaddea-ff\/wp-json\/wp\/v2\/posts\/2573","targetHints":{"allow":["GET"]}}],"collection":[{"href":"https:\/\/campusff.ms.gba.gov.ar\/comunidaddea-ff\/wp-json\/wp\/v2\/posts"}],"about":[{"href":"https:\/\/campusff.ms.gba.gov.ar\/comunidaddea-ff\/wp-json\/wp\/v2\/types\/post"}],"author":[{"embeddable":true,"href":"https:\/\/campusff.ms.gba.gov.ar\/comunidaddea-ff\/wp-json\/wp\/v2\/users\/1"}],"replies":[{"embeddable":true,"href":"https:\/\/campusff.ms.gba.gov.ar\/comunidaddea-ff\/wp-json\/wp\/v2\/comments?post=2573"}],"version-history":[{"count":1,"href":"https:\/\/campusff.ms.gba.gov.ar\/comunidaddea-ff\/wp-json\/wp\/v2\/posts\/2573\/revisions"}],"predecessor-version":[{"id":2574,"href":"https:\/\/campusff.ms.gba.gov.ar\/comunidaddea-ff\/wp-json\/wp\/v2\/posts\/2573\/revisions\/2574"}],"wp:featuredmedia":[{"embeddable":true,"href":"https:\/\/campusff.ms.gba.gov.ar\/comunidaddea-ff\/wp-json\/wp\/v2\/media\/2534"}],"wp:attachment":[{"href":"https:\/\/campusff.ms.gba.gov.ar\/comunidaddea-ff\/wp-json\/wp\/v2\/media?parent=2573"}],"wp:term":[{"taxonomy":"category","embeddable":true,"href":"https:\/\/campusff.ms.gba.gov.ar\/comunidaddea-ff\/wp-json\/wp\/v2\/categories?post=2573"},{"taxonomy":"post_tag","embeddable":true,"href":"https:\/\/campusff.ms.gba.gov.ar\/comunidaddea-ff\/wp-json\/wp\/v2\/tags?post=2573"}],"curies":[{"name":"wp","href":"https:\/\/api.w.org\/{rel}","templated":true}]}}