{"id":2569,"date":"2024-04-29T08:43:27","date_gmt":"2024-04-29T11:43:27","guid":{"rendered":"https:\/\/campusff.ms.gba.gov.ar\/comunidaddea-ff\/?p=2569"},"modified":"2024-06-28T08:45:39","modified_gmt":"2024-06-28T11:45:39","slug":"reporte-de-salud-internacional-7","status":"publish","type":"post","link":"https:\/\/campusff.ms.gba.gov.ar\/comunidaddea-ff\/2024\/04\/29\/reporte-de-salud-internacional-7\/","title":{"rendered":"Reporte de salud internacional #7"},"content":{"rendered":"\n<p><em>Por Mario Rovere.\u00a0<a href=\"https:\/\/revistasoberaniasanitaria.com.ar\/reporte-de-salud-internacional-7\/\" target=\"_blank\" rel=\"noreferrer noopener\">Publicado en Revista Soberan\u00eda Sanitaria.<\/a><\/em><\/p>\n\n\n\n<p><em><strong>Efecto mariposa (todo tiene que ver con todo):<\/strong><\/em><\/p>\n\n\n\n<p>La India en Modi positivo; Todo multiplicado por 30<\/p>\n\n\n\n<p>Mientras 60 universidades norteamericanas enfrentan acampes y manifestaciones por Palestinas, lo que no ocurr\u00eda desde la Guerra de Vietnam y en Argentina una especie de mundial de la educaci\u00f3n moviliza a un mill\u00f3n de personas; hay que imaginar que del otro lado del mundo en un solo pa\u00eds, apenas un 18 % &nbsp;m\u00e1s grande en superficie que la Argentina, puedan vivir 1.450 millones de personas. Nada menos que un 15% de la poblaci\u00f3n del planeta y unas 30 veces la poblaci\u00f3n de nuestro pa\u00eds en donde cada a\u00f1o nacen 22 millones de ni\u00f1os y de ni\u00f1as. Las elecciones que han comenzado el 19 de abril convocan a 970 millones de electores con Narendra Modi como favorito para una tercera reelecci\u00f3n. Modi es un l\u00edder nacionalista que a pesar del fastidio de occidente ha impulsado la econom\u00eda hind\u00fa a nivel mundial con un milagro econ\u00f3mico que le llev\u00f3 a duplicar el PBI desde 2017 a la fecha.<\/p>\n\n\n\n<p>Mas all\u00e1 de su potencial econ\u00f3mico y el tama\u00f1o de su mercado interno India es un pa\u00eds clave en el desarrollo de soberan\u00eda sanitaria en el campo de los medicamentos. L\u00edder en la producci\u00f3n de gen\u00e9ricos y la lucha contra el abuso de las patentes lidera una industria solidaria con los pa\u00edses de mas bajos ingresos en f\u00e1rmacos vitales.<\/p>\n\n\n\n<p><em><strong>\u201cContrastando\u201d (comparaciones que sirven para crecer y poner en valor las pol\u00edticas p\u00fablicas)<\/strong><\/em><\/p>\n\n\n\n<p>Este mes con el sugestivo t\u00edtulo \u201cLa Sanidad promueve la participaci\u00f3n del paciente en su proceso cl\u00ednico con nuevos proyectos de E Health\u201d el Gobierno aut\u00f3nomo de Las Canarias promueve un promisorio camino para incluir la elusiva categor\u00eda \u201cresultados subjetivos\u201d entre los objetivos de la gesti\u00f3n sanitaria.<\/p>\n\n\n\n<p>La irrefrenable tendencia a la modernizaci\u00f3n tecnol\u00f3gica pos pandemia se extiende y en este caso: i. implicaci\u00f3n ciudadana, ii. articulaci\u00f3n de salud con desarrollo social a trav\u00e9s de una historia digital familiar unificada, iii. redes de comunicaciones multiusuarios, iv. Desarrollo de aplicaciones , v. inteligencia artificial y vi. medicina personalizada parecen los principales componentes de una agenda de modernizaci\u00f3n de la gesti\u00f3n sanitaria que sirve para contrastar nuestros propios avances en t\u00e9rminos de calidad, calidez, resultados y legitimidad de la inversi\u00f3n p\u00fablica en salud. &nbsp;&nbsp;<\/p>\n\n\n\n<p>Se puede acceder a la nota completa a trav\u00e9s del\u00a0<a href=\"https:\/\/www3.gobiernodecanarias.org\/noticias\/sanidad-promueve-la-participacion-del-paciente-en-su-proceso-clinico-con-nuevos-proyectos-de-ehealth\/\" target=\"_blank\" rel=\"noreferrer noopener\">enlace<\/a><\/p>\n\n\n\n<p><em><strong>Nueva secci\u00f3n \u201camenazas globales\u201d<\/strong><\/em><\/p>\n\n\n\n<p>Finalmente, la fatal combinaci\u00f3n del calentamiento global y la irrefrenable tendencia a la urbanizaci\u00f3n se combinan con el incremento de la presencia mundial del aedes aegypti y ha logrado que el Dengue haya desplazado a la Malaria (aun prevalente en las zonas rurales) del dudoso ranking de constituirse en la peor amenaza a la salud a nivel planetario.<\/p>\n\n\n\n<p>Las exitosas estrategias de combate territorial que en el pasado lograron controlar a la Fiebre Amarilla que se dispersaba con el mismo mosquito vector parecen hoy inviables o poco sustentables por diferentes motivos. La capacidad de los Estados de movilizar a la poblaci\u00f3n para protagonizar el control del mosquito se ha debilitado de la mano de fr\u00e1giles democracias de cada vez m\u00e1s dudosa representaci\u00f3n. La posibilidad de contar con un ej\u00e9rcito de brigadistas buscando los innumerables recovecos en donde el vector se reproduce tiene un costo y requiere una inversi\u00f3n que pocos gobiernos est\u00e1n dispuestos a invertir.<\/p>\n\n\n\n<p>En consecuencia, la libre circulaci\u00f3n del vector est\u00e1 amenazando no solo el presente sino tambi\u00e9n el futuro dada la alta posibilidad de reinfecci\u00f3n con alguna de las cuatro cepas que ya circulan en forma conjunta en cada vez m\u00e1s pa\u00edses a nivel mundial.<\/p>\n\n\n\n<p>Solo en Am\u00e9rica Latina el n\u00famero de casos diagnosticados subi\u00f3 de un promedio anual de 535 mil casos en la d\u00e9cada pasada a 3 millones en el 2019, a 4,6 millones en el 2023 y a 5,9 millones en lo que va del 2024. Pero la presencia en otras latitudes del aedes y de las enfermedades que transmite hace suponer que ya estamos frente a una amenaza global que se extiende mucho m\u00e1s all\u00e1 de la regiones y de los pa\u00edses tropicales.<\/p>\n\n\n\n<p>Dos promesas se abren para enfrentar este flagelo ante la incapacidad de enfrentar la magnitud del problema con medidas sanitarias cl\u00e1sicas la vacuna contra el Dengue y la lucha ecol\u00f3gica sembrando mosquitos pre -infectados con la bacteria Wolbachia aparentemente inocua<\/p>\n\n\n\n<p>Se puede acceder a la nota completa a trav\u00e9s de\u00a0<a href=\"https:\/\/www.economist.com\/leaders\/2024\/04\/25\/as-the-planet-warms-watch-out-for-dengue-fever\" target=\"_blank\" rel=\"noreferrer noopener\">Economist<\/a><\/p>\n\n\n\n<p><em><strong>\u201cMirada Latinoamericana\u201d (problemas comunes, estrategias coordinadas)<\/strong><\/em><\/p>\n\n\n\n<p>Lula Da Silva reorienta sus alianzas con Colombia frente al realineamiento de su antiguo socio estrat\u00e9gico; la Argentina proponiendo su ingreso a los BRICS. Con eje en la Amazonia y una agenda fuertemente ambiental Lula y Petro ya se hab\u00edan encontrado en la emblem\u00e1tica ciudad amaz\u00f3nica de Leticia en la triple frontera de Colombia con Brasil y Per\u00fa. \u00abtenemos que estar cada vez m\u00e1s fuertes porque s\u00f3lo as\u00ed seremos m\u00e1s respetados por los Estados Unidos, seremos m\u00e1s respetados por la Uni\u00f3n Europea, por China, por Rusia y por India\u201d, plante\u00f3 el brasile\u00f1o. \u201c<strong>Nuestra vocaci\u00f3n es unir el Caribe, el Pac\u00edfico y la Amazonia.<\/strong>&nbsp;Compartimos la mayor floresta tropical del mundo y una reserva de biodiversidad incomparable\u201d.<\/p>\n\n\n\n<p>Se puede acceder a la nota completa a trav\u00e9s de\u00a0<a href=\"https:\/\/www.pagina12.com.ar\/729958-lula-y-petro-analizaron-el-escenario-regional\" target=\"_blank\" rel=\"noreferrer noopener\">P\u00e1gina 12<\/a><a href=\"https:\/\/revistasoberaniasanitaria.com.ar\/panorama-10\/\"><\/a><\/p>\n","protected":false},"excerpt":{"rendered":"<p>Por Mario Rovere.\u00a0Publicado en Revista Soberan\u00eda Sanitaria. Efecto mariposa (todo tiene que ver con todo): La India en Modi positivo; Todo multiplicado por 30 Mientras 60 universidades norteamericanas enfrentan acampes y manifestaciones por Palestinas, lo [&hellip;]<\/p>\n","protected":false},"author":1,"featured_media":2534,"comment_status":"closed","ping_status":"open","sticky":false,"template":"","format":"standard","meta":{"footnotes":""},"categories":[123],"tags":[],"class_list":["post-2569","post","type-post","status-publish","format-standard","has-post-thumbnail","hentry","category-salud-internacional"],"_links":{"self":[{"href":"https:\/\/campusff.ms.gba.gov.ar\/comunidaddea-ff\/wp-json\/wp\/v2\/posts\/2569","targetHints":{"allow":["GET"]}}],"collection":[{"href":"https:\/\/campusff.ms.gba.gov.ar\/comunidaddea-ff\/wp-json\/wp\/v2\/posts"}],"about":[{"href":"https:\/\/campusff.ms.gba.gov.ar\/comunidaddea-ff\/wp-json\/wp\/v2\/types\/post"}],"author":[{"embeddable":true,"href":"https:\/\/campusff.ms.gba.gov.ar\/comunidaddea-ff\/wp-json\/wp\/v2\/users\/1"}],"replies":[{"embeddable":true,"href":"https:\/\/campusff.ms.gba.gov.ar\/comunidaddea-ff\/wp-json\/wp\/v2\/comments?post=2569"}],"version-history":[{"count":1,"href":"https:\/\/campusff.ms.gba.gov.ar\/comunidaddea-ff\/wp-json\/wp\/v2\/posts\/2569\/revisions"}],"predecessor-version":[{"id":2570,"href":"https:\/\/campusff.ms.gba.gov.ar\/comunidaddea-ff\/wp-json\/wp\/v2\/posts\/2569\/revisions\/2570"}],"wp:featuredmedia":[{"embeddable":true,"href":"https:\/\/campusff.ms.gba.gov.ar\/comunidaddea-ff\/wp-json\/wp\/v2\/media\/2534"}],"wp:attachment":[{"href":"https:\/\/campusff.ms.gba.gov.ar\/comunidaddea-ff\/wp-json\/wp\/v2\/media?parent=2569"}],"wp:term":[{"taxonomy":"category","embeddable":true,"href":"https:\/\/campusff.ms.gba.gov.ar\/comunidaddea-ff\/wp-json\/wp\/v2\/categories?post=2569"},{"taxonomy":"post_tag","embeddable":true,"href":"https:\/\/campusff.ms.gba.gov.ar\/comunidaddea-ff\/wp-json\/wp\/v2\/tags?post=2569"}],"curies":[{"name":"wp","href":"https:\/\/api.w.org\/{rel}","templated":true}]}}