{"id":2567,"date":"2024-05-06T08:41:13","date_gmt":"2024-05-06T11:41:13","guid":{"rendered":"https:\/\/campusff.ms.gba.gov.ar\/comunidaddea-ff\/?p=2567"},"modified":"2024-06-28T08:43:03","modified_gmt":"2024-06-28T11:43:03","slug":"reporte-de-salud-internacional-8","status":"publish","type":"post","link":"https:\/\/campusff.ms.gba.gov.ar\/comunidaddea-ff\/2024\/05\/06\/reporte-de-salud-internacional-8\/","title":{"rendered":"Reporte de salud internacional #8"},"content":{"rendered":"\n<p><em>Por Mario Rovere.\u00a0<a href=\"https:\/\/revistasoberaniasanitaria.com.ar\/reporte-de-salud-internacional-8\/\" target=\"_blank\" rel=\"noreferrer noopener\">Publicado en Revista Soberan\u00eda Sanitaria.<\/a><\/em><\/p>\n\n\n\n<p><em><strong>Efecto mariposa (todo tiene que ver con todo):<\/strong><\/em><\/p>\n\n\n\n<p><em>\u201cCada uno ve la realidad seg\u00fan como est\u00e1 ubicado en ella\u201d<\/em><\/p>\n\n\n\n<p>La semana pasada el presidente Macr\u00f3n realiz\u00f3 declaraciones que permiten asomarse a otra perspectiva del caleidoscopio de los intereses geopol\u00edticos desde una influyente naci\u00f3n en el tablero mundial. No hay que estar de acuerdo, m\u00e1s bien su lectura nos impele a pensar en quienes y como estar\u00e1n realizando un ejercicio similar desde nuestro propio pa\u00eds.<\/p>\n\n\n\n<p>Su pron\u00f3stico inicial suena a advertencia y le ayuda a construir una invitaci\u00f3n a otras naciones europeas a sumarse a la carrera armamentista;<em>&nbsp;\u201cEuropa se enfrenta a un peligro inminente, las cosas pueden desmoronarse muy r\u00e1pidamente\u201d.&nbsp;<\/em>Haciendo hincapi\u00e9 en el an\u00e1lisis de las violaciones a un hipot\u00e9tico c\u00f3digo de la guerra, algo que nunca fue escrito, intenta apalancar la realidad comparando el presente con la supuesta indolencia de las elites dirigentes que entre guerras desoyeron la amenaza del nazismo en Europa. Dicho as\u00ed Rusia ser\u00eda esa amenaza yen consecuencia afirma<em>&nbsp;\u201csea quien sea que est\u00e9 en la Casa Blanca en 2025, Europa debe deshacerse de su dependencia militar de d\u00e9cadas de Estados Unidos\u201d.<\/em><\/p>\n\n\n\n<p>Leyendo el mapa mundo va m\u00e1s all\u00e1 y afirma&nbsp;<em>\u201cMi responsabilidad es nunca poner a Estados Unidos en un dilema estrat\u00e9gico que signifique elegir entre los europeos y sus propios intereses frente a China\u201d.<\/em><\/p>\n\n\n\n<p>No es tan sencillo que sea escuchado: la gobernabilidad de una uni\u00f3n de 27 pa\u00edses se ha debilitado a medida que la alianza se expande- Muchos pa\u00edses en ocasiones perciben a la Uni\u00f3n Europea como un verdadero \u201caparato de captura \u201c que desalienta &nbsp;desarrollos aut\u00f3nomos (por ejemplo debilitando el Estado de Bienestar y el derecho a la salud) y que bien pueden sentirse amenazados por el intento de hegemon\u00eda francesa, -un rol disputado con Alemania-. Por otra parte, a\u00fan est\u00e1n frescas las heridas del retiro de Gran Breta\u00f1a de la UE y del rechazo plebiscitado de la poblaci\u00f3n francesa a cualquier retroceso en sus derechos en beneficio de la integraci\u00f3n.<\/p>\n\n\n\n<p>Pero a Macron esto no lo desalienta, m\u00e1s bien redobla la apuesta: \u201c<em>se ha abierto una brecha industrial alarmante a medida que Europa se ha quedado atr\u00e1s de Estados Unidos y de China.<\/em><\/p>\n\n\n\n<p>No obstante \u201c<em>acusa a Estados Unidos de ser como China al subsidiar sus industrias cr\u00edticas.<\/em><\/p>\n\n\n\n<p>En consecuencia, convoca a una suerte de nacionalismo paneuropeo \u201c<em>quiero un cambio profundo en la forma en que funciona Europa.&nbsp;<\/em>De hecho, habla de \u201c<em>duplicar el gasto en investigaci\u00f3n\u201d<\/em>&nbsp;y expandir el subsidio a sus industrias, una invitaci\u00f3n a entrar de lleno al juego de impulsar la carrera armamentista. Es entendible, ya que se trata de un rubro que genera un r\u00e1pido excedente econ\u00f3mico, a condici\u00f3n de que las guerras se libren lejos de tu casa.<\/p>\n\n\n\n<p>Se puede acceder a la nota completa a trav\u00e9s del\u00a0<a href=\"https:\/\/www.economist.com\/leaders\/2024\/05\/02\/emmanuel-macrons-urgent-message-for-europe\" target=\"_blank\" rel=\"noreferrer noopener\">enlace<\/a><\/p>\n\n\n\n<p><em><strong>\u201cContrastando\u201d (comparaciones que sirven para crecer y poner en valor las pol\u00edticas p\u00fablicas)<\/strong><\/em><\/p>\n\n\n\n<p><em>El mercado en salud no funciona ni para Walmart.&nbsp;<\/em>El 30 de abril la cadena Walmart anunci\u00f3 su retiro del negocio de la prestaci\u00f3n directa de servicios de salud incluyendo el regenteo de 51 cl\u00ednicas en cuatro estados del sur de los Estados Unidos. El solo hecho de saber que Walmart estaba en este juego es un dato sorprendente pero m\u00e1s sorprendente aun es bucear en el anuncio empresarial:<\/p>\n\n\n\n<p><em>\u201cEn el 2019 lanzamos los centros de salud Walmart. Durante la trayectoria de estos cinco a\u00f1os hemos tenido significativos resultados con los pacientes mientras continu\u00e1bamos aprendiendo, explorando y evolucionando. Aunque nuestra misi\u00f3n institucional de ayudar a la gente a ahorrar dinero y vivir mejor se mantiene, hoy estamos compartiendo la dif\u00edcil decisi\u00f3n de cerrar los centros de salud y el programa de salud virtual de Walmart. A trav\u00e9s de nuestra experiencia de gerenciar estas l\u00edneas de cuidado hemos llegado a la determinaci\u00f3n que no hay un modelo sustentable de negocios que justifique que continuemos con esta tarea\u201d.<\/em><\/p>\n\n\n\n<p>Walmart tranquiliza luego a sus clientes garantizando una transici\u00f3n \u201ccompasiva y respetuosa\u201d y sobre todo les recuerda que contin\u00faa con su, en cambio s\u00ed rentable, \u201c<em>l\u00ednea de 4.000 farmacias y de 3.000 centros de Visi\u00f3n en todo los Estados Unidos\u201d.<\/em>&nbsp;Si una cadena como Walmart, con infinidad de gastos fijos ya cubiertos por su gigantesca red comercial, no encuentra rentable prestar servicios de salud se puede especular con un pron\u00f3stico no demasiado brillante para la inversi\u00f3n privada en servicios de salud.<\/p>\n\n\n\n<p>Se puede acceder a la nota completa a trav\u00e9s del\u00a0<a href=\"https:\/\/corporate.walmart.com\/news\/2024\/04\/30\/walmart-health-is-closing\" target=\"_blank\" rel=\"noreferrer noopener\">enlace<\/a><\/p>\n\n\n\n<p><em><strong>Nueva secci\u00f3n \u201cdebates globales\u201d<\/strong><\/em><\/p>\n\n\n\n<p>KFF en espa\u00f1ol adelanta un posible conflicto de intereses a partir de las conclusiones de un panel de expertos de la OMS que los Centros de Control de Enfermedades Nacionales no estar\u00edan dispuestos a aceptar por sus consecuencias en costos edilicios y en equipos de protecci\u00f3n.<\/p>\n\n\n\n<p>Las evidencias sobre la distribuci\u00f3n del Covid 19 en peque\u00f1os o medianos brotes llevaron a los expertos a proponer eliminar la idea de \u201cdistancias protectoras\u201d en la propagaci\u00f3n de enfermedades respiratorias. La no proximidad podr\u00eda ser compensada negativamente con el tiempo de exposici\u00f3n, con la direcci\u00f3n y velocidad de circulaci\u00f3n del aire, con la temperatura y humedad y hasta con la concentraci\u00f3n de CO2 en ambientes cerrados.<\/p>\n\n\n\n<p>Las conclusiones para enfrentar enfermedades virales y bacterianas de alta difusi\u00f3n sustentan la necesidad de importantes inversiones en el uso de filtros de circulaci\u00f3n forzada en edificios, en transportes a\u00e9reos terrestres y mar\u00edtimos, en hospitales, etc. e incrementa la evidencia sobre el uso de los barbijos N95 por encima de las mascarillas de m\u00e1s econ\u00f3micas, pero de bajo poder de aislamiento.<\/p>\n\n\n\n<p>El regreso de mutaciones del Covid 19, del Sarampi\u00f3n o el riesgo incrementado de un pasaje interhumano del virus de la gripe aviar hacen recomendable abrir ese debate en forma anticipada sin esperar que el agua \u201cvuelva a llegar al cuello\u201d. La hist\u00f3rica costumbre de los miasm\u00e1ticos de \u201cabrir las ventanas\u201d encuentra nuevas evidencias cient\u00edficas y explica porque viejos hospitales pabellonados pueden encontrarse mejor preparados que los vidriados de ventilaci\u00f3n forzada para enfrentar pandemias de transmisi\u00f3n respiratoria. Al cierre de este comentario una \u201cultima noticia\u201d publicada por infobae afirmaba que el cambio clim\u00e1tico con el incremento de CO2 aumenta la duraci\u00f3n de los virus en suspensi\u00f3n viajando en forma de aerosoles. &nbsp;\u201c<em>La investigaci\u00f3n liderada por la&nbsp;<strong>Universidad de Bristol<\/strong>&nbsp;y&nbsp;<\/em><a href=\"https:\/\/www.nature.com\/articles\/s41467-024-47777-5\" target=\"_blank\" rel=\"noreferrer noopener\"><em>publicada<\/em><\/a><em>&nbsp;en la revista&nbsp;Nature&nbsp;ha revelado el&nbsp;<strong>papel cr\u00edtico del di\u00f3xido de carbono (CO2)&nbsp;<\/strong>en la determinaci\u00f3n de la&nbsp;<strong>supervivencia de los virus transmitidos por el aire<\/strong>, destacando que controlar y potencialmente reducir los niveles de CO2 en la atm\u00f3sfera pueden contribuir a la reducci\u00f3n del riesgo de infecci\u00f3n\u201d.<\/em><\/p>\n\n\n\n<p>Se puede acceder a la nota completa a trav\u00e9s del\u00a0<a href=\"https:\/\/kffhealthnews.org\/news\/article\/la-oms-confirma-como-se-propagan-los-virus-por-el-aire-los-cdc-tal-vez-miren-para-otro-lado-2\/\" target=\"_blank\" rel=\"noreferrer noopener\">enlace<\/a><a href=\"https:\/\/revistasoberaniasanitaria.com.ar\/reporte-de-salud-internacional-9\/\"><\/a><\/p>\n","protected":false},"excerpt":{"rendered":"<p>Por Mario Rovere.\u00a0Publicado en Revista Soberan\u00eda Sanitaria. Efecto mariposa (todo tiene que ver con todo): \u201cCada uno ve la realidad seg\u00fan como est\u00e1 ubicado en ella\u201d La semana pasada el presidente Macr\u00f3n realiz\u00f3 declaraciones que [&hellip;]<\/p>\n","protected":false},"author":1,"featured_media":2534,"comment_status":"closed","ping_status":"open","sticky":false,"template":"","format":"standard","meta":{"footnotes":""},"categories":[123],"tags":[],"class_list":["post-2567","post","type-post","status-publish","format-standard","has-post-thumbnail","hentry","category-salud-internacional"],"_links":{"self":[{"href":"https:\/\/campusff.ms.gba.gov.ar\/comunidaddea-ff\/wp-json\/wp\/v2\/posts\/2567","targetHints":{"allow":["GET"]}}],"collection":[{"href":"https:\/\/campusff.ms.gba.gov.ar\/comunidaddea-ff\/wp-json\/wp\/v2\/posts"}],"about":[{"href":"https:\/\/campusff.ms.gba.gov.ar\/comunidaddea-ff\/wp-json\/wp\/v2\/types\/post"}],"author":[{"embeddable":true,"href":"https:\/\/campusff.ms.gba.gov.ar\/comunidaddea-ff\/wp-json\/wp\/v2\/users\/1"}],"replies":[{"embeddable":true,"href":"https:\/\/campusff.ms.gba.gov.ar\/comunidaddea-ff\/wp-json\/wp\/v2\/comments?post=2567"}],"version-history":[{"count":1,"href":"https:\/\/campusff.ms.gba.gov.ar\/comunidaddea-ff\/wp-json\/wp\/v2\/posts\/2567\/revisions"}],"predecessor-version":[{"id":2568,"href":"https:\/\/campusff.ms.gba.gov.ar\/comunidaddea-ff\/wp-json\/wp\/v2\/posts\/2567\/revisions\/2568"}],"wp:featuredmedia":[{"embeddable":true,"href":"https:\/\/campusff.ms.gba.gov.ar\/comunidaddea-ff\/wp-json\/wp\/v2\/media\/2534"}],"wp:attachment":[{"href":"https:\/\/campusff.ms.gba.gov.ar\/comunidaddea-ff\/wp-json\/wp\/v2\/media?parent=2567"}],"wp:term":[{"taxonomy":"category","embeddable":true,"href":"https:\/\/campusff.ms.gba.gov.ar\/comunidaddea-ff\/wp-json\/wp\/v2\/categories?post=2567"},{"taxonomy":"post_tag","embeddable":true,"href":"https:\/\/campusff.ms.gba.gov.ar\/comunidaddea-ff\/wp-json\/wp\/v2\/tags?post=2567"}],"curies":[{"name":"wp","href":"https:\/\/api.w.org\/{rel}","templated":true}]}}