{"id":2565,"date":"2024-05-13T08:39:12","date_gmt":"2024-05-13T11:39:12","guid":{"rendered":"https:\/\/campusff.ms.gba.gov.ar\/comunidaddea-ff\/?p=2565"},"modified":"2024-06-28T08:40:52","modified_gmt":"2024-06-28T11:40:52","slug":"reporte-de-salud-internacional-9","status":"publish","type":"post","link":"https:\/\/campusff.ms.gba.gov.ar\/comunidaddea-ff\/2024\/05\/13\/reporte-de-salud-internacional-9\/","title":{"rendered":"Reporte de salud internacional #9"},"content":{"rendered":"\n<p><em>Por Mario Rovere.\u00a0<a href=\"https:\/\/revistasoberaniasanitaria.com.ar\/reporte-de-salud-internacional-9\/\" target=\"_blank\" rel=\"noreferrer noopener\">Publicado en Revista Soberan\u00eda Sanitaria.<\/a><\/em><\/p>\n\n\n\n<p><em><strong>Efecto mariposa (todo tiene que ver con todo)<\/strong><\/em><\/p>\n\n\n\n<p><em>\u201c<\/em><em>estas&nbsp;<\/em><em>inundaciones son una factura que le pasa el planeta a la humanidad\u00bb. \u00abTenemos que parar esto a tiempo\u201d Lula Da silva<\/em><em><\/em><\/p>\n\n\n\n<p>La principal finalidad de desacreditar cualquier evidencia cient\u00edfica en esta etapa hist\u00f3rica de la humanidad parece surgir de la necesidad de los agentes econ\u00f3micos y de los gobiernos de ignorar los avisos cada vez m\u00e1s rotundos para evitar una espiral incontrolable de eventos catastr\u00f3ficos.<\/p>\n\n\n\n<p>Desde hace 36 a\u00f1os la ONU sostiene un Panel Internacional de Cambio Clim\u00e1tico (IPCC por sus siglas en ingl\u00e9s). Puede especularse que en una l\u00f3gica de \u201cmatar al mensajero\u201d desde que este panel dictamin\u00f3 el indudable origen antropog\u00e9nico del cambio clim\u00e1tico el ataque contra la ciencia y las fake news hacia un r\u00e9gimen de post verdad se exacerb\u00f3, De los 838 cient\u00edficos que han estado o contin\u00faan formando parte de ese panel un peri\u00f3dico brit\u00e1nico (The Guardian), logr\u00f3 entrevistar a casi la mitad de ellos para conocer sus expectativas, sus temores y sus pron\u00f3sticos.<\/p>\n\n\n\n<p>El 80 % de los 380 que respondieron, es decir 304, creen que el indicador estrella, el techo de 1,5 grados de incremento de temperatura del planeta en este siglo se sobrepasar\u00e1 holgadamente, 114 creen que se llegar\u00e1 a 2,5 grados por encima y 190 estiman que, incluso se pasar\u00e1 el umbral de 3,0 grados. Solo 76 creen que habr\u00e1 un cambio en la conciencia planetaria que modificar\u00e1 la tendencia.<\/p>\n\n\n\n<p>Las frases recogidas son por dem\u00e1s elocuentes: \u201cnos sentimos entre desesperados, furiosos y asustados por la falta de acci\u00f3n de los gobiernos\u201d. \u201cA pesar de las contundentes evidencias cient\u00edficas que producimos, vemos un futuro semi-dist\u00f3pico, con fen\u00f3menos meteorol\u00f3gicos superando todo lo conocido\u201d. \u201clas autoridades se condenan a si mismas a verse constantemente abrumadas por un evento extremo tras otro, que ponen en crisis hasta la disponibilidad de alimentos\u201d.<\/p>\n\n\n\n<p>No obstante, hay consenso en que la lucha clim\u00e1tica debe continuar, por mucho que aumente la temperatura global, porque cada fracci\u00f3n de grado evitada, reduce el sufrimiento humano. \u201cEl cambio clim\u00e1tico no se volver\u00e1 peligroso de un d\u00eda para otro, ya est\u00e1 ocurriendo y estamos a un nivel de 1,2 grados promedio en los \u00faltimos 4 a\u00f1os causando da\u00f1os profundos a las vidas y a los medios de subsistencia\u201d. &nbsp;<\/p>\n\n\n\n<p>Jesse Keenan, de la Universidad de Tulane en Estados Unidos, lo sintetiz\u00f3 en una frase: \u201cEsto es s\u00f3lo el comienzo: abr\u00f3chense el cintur\u00f3n\u201d.<\/p>\n\n\n\n<p>Se puede acceder a la nota completa a trav\u00e9s del\u00a0<a href=\"https:\/\/www.theguardian.com\/environment\/article\/2024\/may\/08\/world-scientists-climate-failure-survey-global-temperature\" target=\"_blank\" rel=\"noreferrer noopener\">enlace<\/a><\/p>\n\n\n\n<p><a href=\"https:\/\/revistasoberaniasanitaria.com.ar\/reporte-de-salud-internacional-9\/\"><\/a><\/p>\n\n\n\n<p><em><strong>\u201cContrastando\u201d (comparaciones que sirven para crecer y poner en valor las pol\u00edticas p\u00fablicas) &nbsp;<\/strong><\/em><\/p>\n\n\n\n<p><em>Primum non nocere o \u201cprimero no da\u00f1ar\u201d<\/em><\/p>\n\n\n\n<p>Este principio universal de la medicina individual puede aplicarse tambi\u00e9n a la organizaci\u00f3n de los servicios de salud. El \u00faltimo a\u00f1o 4,3 millones de pacientes adquirieron durante su internaci\u00f3n al menos una infecci\u00f3n hospitalaria seg\u00fan el centro europeo de control de enfermedades.<\/p>\n\n\n\n<p>Las estad\u00edsticas europeas, en este caso &nbsp;la tercera encuesta de prevalencia puntual (PPS) de infecciones asociadas a la asistencia sanitaria (IRAS) y uso de antimicrobianos en hospitales de cuidados agudos, coordinada por el Centro Europeo para la prevenci\u00f3n y el control de las enfermedades&nbsp;(ECDC, por sus siglas en ingl\u00e9s) en 2022-2023.pueden servir de punto de comparaci\u00f3n para estudios locales tanto a nivel de servicios, de hospitales y de redes de servicios.<\/p>\n\n\n\n<p>Un anticipo: las localizaciones de la infecci\u00f3n muestran un predominio respiratorio (29 %), seguido por localizaciones urinarias; el predominio de infecciones es previsiblemente en salas de Cuidados intensivos (20 % de los pacientes), el uso y abuso de antibi\u00f3ticos es generalizado (35 % en internaci\u00f3n general y 59,5 % en cuidados intensivos) el predominio de ciertos agentes infecciosos: scherichia coli a la cabeza lo que indirectamente apunta a las fallas en el lavado de manos, y lo mas preocupante: una de cada tres infecciones hospitalarias es resistente al super antibi\u00f3tico de elecci\u00f3n (23,7 % de resistencia a la meticilina del staphilococo aureus).<\/p>\n\n\n\n<p>Se puede acceder a la nota completa a trav\u00e9s del\u00a0<a href=\"https:\/\/www.elmundo.es\/ciencia-y-salud\/salud\/2024\/05\/06\/6638b04a21efa0f22a8b4584.html\" target=\"_blank\" rel=\"noreferrer noopener\">enlace<\/a><\/p>\n\n\n\n<p><a href=\"https:\/\/revistasoberaniasanitaria.com.ar\/reporte-de-salud-internacional-9\/\"><\/a><\/p>\n\n\n\n<p><em><strong>(\u201cy por casa?) nueva mercanc\u00eda de exportaci\u00f3n: \u00f3vulos viajeros<\/strong><\/em><\/p>\n\n\n\n<p>Este domingo 12 es el d\u00eda de la madre en Brasil, El Correo de Bah\u00eda lo celebra en tapa en modo denuncia \u201cMadres sin fronteras; los bahianos est\u00e1n pagando 60.000 reales, -unos 12.000 d\u00f3lares por \u00f3vulos de mujeres de Espa\u00f1a, Dinamarca, Ucrania y\u2026 Argentina, pa\u00edses donde es legal vender \u00f3vulos y recibir en promedio un d\u00e9cimo de ese valor (unos 1.200 d\u00f3lares). La venta de gametos est\u00e1 prohibida en Brasil (parece lamentarse) por lo que unos 3.000 \u00f3vulos fueron importados durante el a\u00f1o 2023.&nbsp; &nbsp;&nbsp;<\/p>\n\n\n\n<p>\u201cDespu\u00e9s de un vuelo de dos horas, la encomienda aguarda en el aeropuerto internacional de Salvador de Bah\u00eda por una pareja. Son los \u00f3vulos congelados de una espa\u00f1ola blanca, con cabellos casta\u00f1os, ojos azules y 1,60 mts de altura, que vendi\u00f3 sus propios gametos por unos mil euros. El \u201cmaterial\u201d viaj\u00f3 10.000 kms. desde Europa con escala en San Pablo, hasta su destino final\u201d.<\/p>\n\n\n\n<p>Se puede acceder a la nota completa a trav\u00e9s del\u00a0<a href=\"https:\/\/www.correio24horas.com.br\/asteriscao\/baianos-pagam-ate-r-60-mil-para-comprar-ovulos-de-estrangeiras-0524\" target=\"_blank\" rel=\"noreferrer noopener\">enlace<\/a><a href=\"https:\/\/revistasoberaniasanitaria.com.ar\/reporte-de-salud-internacional-9\/\"><\/a><\/p>\n\n\n\n<p><a href=\"https:\/\/revistasoberaniasanitaria.com.ar\/reporte-de-salud-internacional-10\/\"><strong><\/strong><\/a><\/p>\n","protected":false},"excerpt":{"rendered":"<p>Por Mario Rovere.\u00a0Publicado en Revista Soberan\u00eda Sanitaria. Efecto mariposa (todo tiene que ver con todo) \u201cestas&nbsp;inundaciones son una factura que le pasa el planeta a la humanidad\u00bb. \u00abTenemos que parar esto a tiempo\u201d Lula Da [&hellip;]<\/p>\n","protected":false},"author":1,"featured_media":2534,"comment_status":"closed","ping_status":"open","sticky":false,"template":"","format":"standard","meta":{"footnotes":""},"categories":[123],"tags":[],"class_list":["post-2565","post","type-post","status-publish","format-standard","has-post-thumbnail","hentry","category-salud-internacional"],"_links":{"self":[{"href":"https:\/\/campusff.ms.gba.gov.ar\/comunidaddea-ff\/wp-json\/wp\/v2\/posts\/2565","targetHints":{"allow":["GET"]}}],"collection":[{"href":"https:\/\/campusff.ms.gba.gov.ar\/comunidaddea-ff\/wp-json\/wp\/v2\/posts"}],"about":[{"href":"https:\/\/campusff.ms.gba.gov.ar\/comunidaddea-ff\/wp-json\/wp\/v2\/types\/post"}],"author":[{"embeddable":true,"href":"https:\/\/campusff.ms.gba.gov.ar\/comunidaddea-ff\/wp-json\/wp\/v2\/users\/1"}],"replies":[{"embeddable":true,"href":"https:\/\/campusff.ms.gba.gov.ar\/comunidaddea-ff\/wp-json\/wp\/v2\/comments?post=2565"}],"version-history":[{"count":1,"href":"https:\/\/campusff.ms.gba.gov.ar\/comunidaddea-ff\/wp-json\/wp\/v2\/posts\/2565\/revisions"}],"predecessor-version":[{"id":2566,"href":"https:\/\/campusff.ms.gba.gov.ar\/comunidaddea-ff\/wp-json\/wp\/v2\/posts\/2565\/revisions\/2566"}],"wp:featuredmedia":[{"embeddable":true,"href":"https:\/\/campusff.ms.gba.gov.ar\/comunidaddea-ff\/wp-json\/wp\/v2\/media\/2534"}],"wp:attachment":[{"href":"https:\/\/campusff.ms.gba.gov.ar\/comunidaddea-ff\/wp-json\/wp\/v2\/media?parent=2565"}],"wp:term":[{"taxonomy":"category","embeddable":true,"href":"https:\/\/campusff.ms.gba.gov.ar\/comunidaddea-ff\/wp-json\/wp\/v2\/categories?post=2565"},{"taxonomy":"post_tag","embeddable":true,"href":"https:\/\/campusff.ms.gba.gov.ar\/comunidaddea-ff\/wp-json\/wp\/v2\/tags?post=2565"}],"curies":[{"name":"wp","href":"https:\/\/api.w.org\/{rel}","templated":true}]}}