{"id":2557,"date":"2024-06-17T08:23:20","date_gmt":"2024-06-17T11:23:20","guid":{"rendered":"https:\/\/campusff.ms.gba.gov.ar\/comunidaddea-ff\/?p=2557"},"modified":"2024-06-28T08:28:03","modified_gmt":"2024-06-28T11:28:03","slug":"reporte-de-salud-internacional-14","status":"publish","type":"post","link":"https:\/\/campusff.ms.gba.gov.ar\/comunidaddea-ff\/2024\/06\/17\/reporte-de-salud-internacional-14\/","title":{"rendered":"Reporte de salud internacional #14"},"content":{"rendered":"\n<p><em>Por Mario Rovere.\u00a0<a href=\"https:\/\/revistasoberaniasanitaria.com.ar\/reporte-de-salud-internacional-14\/\" target=\"_blank\" rel=\"noreferrer noopener\">Publicado en Revista Soberan\u00eda Sanitaria.<\/a><\/em><\/p>\n\n\n\n<p><strong><em>Efecto mariposa (todo tiene que ver con todo<\/em><em>): se agranda el teatro de operaciones, Argentina entra al juego<\/em><\/strong><\/p>\n\n\n\n<p>La guerra entre Estados Unidos y Rusia contin\u00faa escalando y se libra, m\u00e1s all\u00e1 de Ucrania, en territorio mundo. EE. UU. busca fragilizar a Rusia utilizando el dinero incautado a Rusia para incrementar el equipamiento de Ucrania, mientras autoriza a utilizar armas norteamericanas para atacar blancos en territorio ruso. Rusia responde que habr\u00e1 medidas de represalia \u201cdolorosas\u201d para los pa\u00edses que apoyan a Estados Unidos, -entre los cuales se ha sumado sin respaldo parlamentario el gobierno argentino-:&nbsp;<em>\u00abHay suficientes propiedades y dinero europeos en Rusia [\u2026] y las inevitables medidas de represalia ser\u00e1n extremadamente dolorosas para Bruselas<\/em>\u00ab, advirti\u00f3. Mientras tanto desde Italia el G7 ampl\u00eda sus advertencias. Seg\u00fan la CNN \u201c<em>El apoyo de China a Rusia est\u00e1 \u00abposibilitando\u00bb la guerra en Ucrania, advirtieron este viernes los l\u00edderes de las econom\u00edas m\u00e1s avanzadas del mundo en un endurecimiento del tono contra Beijing, al tiempo que amenazaron con m\u00e1s sanciones contra los actores que apoyen a nivel material la maquinaria b\u00e9lica de Mosc\u00fa<\/em>\u201d.<\/p>\n\n\n\n<p>No puede pasar desapercibido en este contexto que una flota naval rusa se encuentre \u201cde visita\u201d en el Puerto de La Habana ya que ambas superpotencias nucleares recelan sobre todas las cosas de dejar expuestas sus ciudades capitales a \u201ctiro de ca\u00f1\u00f3n\u201d.<\/p>\n\n\n\n<p>Mientras tanto dos elecciones anticipadas preanuncian la posibilidad que este 4 de julio los laboristas regresen al poder en Gran Breta\u00f1a y en Francia Macr\u00f3n juega al borde del precipicio generando las condiciones para el ingreso de la ultraderecha de Le Pen a una Europa que deviene m\u00e1s y m\u00e1s autoritaria.<\/p>\n\n\n\n<p>Seg\u00fan United24 el 13 de junio \u201cArgentina pas\u00f3 a formar parte del Grupo de Contacto de Defensa de Ucrania\u201d (Grupo RAMSTEIN).&nbsp; El Secretario de Defensa de Estados Unidos Lloyd Austin declaraba \u201cMe complace darle la bienvenida a Argentina como nuevo miembro \u2026, Ministro Petri, me alegro tenerlo entre nosotros\u201d. Una noticia que fue confirmada por el propio ministro en sus redes sociales.<\/p>\n\n\n\n<p><em>Se puede acceder a la nota completa a trav\u00e9s del\u00a0<a href=\"https:\/\/united24media.com\/latest-news\/argentina-joins-the-ukraine-defense-contact-group-during-todays-23rd-meeting-722\" target=\"_blank\" rel=\"noreferrer noopener\">enlace<\/a><\/em><\/p>\n\n\n\n<p><strong><em>Complejo M\u00e9dico Industrial transnacionalizado<\/em><em>: \u201cFuturables y futuribles en el mundo digital\u201d<\/em><\/strong><\/p>\n\n\n\n<p>Posibles o probables, el futuro constituye una representaci\u00f3n poderosa que nos mantiene en movimiento. \u00bfprever?, \u00bfpronosticar?, \u00bfprevenir?, \u00bfprepararse para lo impensable?, \u00bfconstruir futuros?. Tal vez todas las anteriores son correctas y en ese sentido interesa explorar un reciente evento sobre Future Health realizado en Espa\u00f1a<\/p>\n\n\n\n<p><em>\u201cLa ciencia y la medicina est\u00e1n cambiando a un ritmo espectacular, con un motor de impulso capaz de revolucionar hasta el mism\u00edsimo n\u00facleo de la Tierra: las innovaciones tecnol\u00f3gicas (inteligencia artificial, big data, realidad virtual\u2026). Todo se est\u00e1 transformando y el modelo asistencial ya no puede ser el convencional.&nbsp;<strong>Nos encontramos en pleno camino hacia una medicina precisa, personalizada, preventiva, predictiva y participativa\u201d.<\/strong><\/em><\/p>\n\n\n\n<p><strong>Entre tanto entusiasmo el grupo empresarial Sanitas Espa\u00f1a anuncia para el a\u00f1o pr\u00f3ximo el lanzamiento de su hospital totalmente virtual \u201ccon todas las especialidades\u201d. Hay que apelar a la sensatez de la ex ministra laborista neo zelandesa, Jalinda Arden para \u201ccortar -un poco- con tanta dulzura\u201d.<\/strong><strong><em>&nbsp;&nbsp;<\/em><\/strong><\/p>\n\n\n\n<p><em>\u201cS\u00ed, dir\u00eda que cuando se trata de tecnolog\u00eda, adopto un enfoque muy pragm\u00e1tico. He visto, como todos, los enormes beneficios y oportunidades. Pero tambi\u00e9n he visto las desventajas. Nueva Zelanda lo ha experimentado de una forma muy particular. Por eso, creo que es importante mantener ese escepticismo saludable. \u00bfC\u00f3mo podemos obtener todos los beneficios y, al mismo tiempo, protegernos contra algunos de los aspectos negativos? Hay que trabajar en conjunto, teniendo en cuenta al [ciudadano] y todas las cuestiones \u00e9ticas\u201d.<\/em><\/p>\n\n\n\n<p><em>Se puede acceder a la nota completa a trav\u00e9s del\u00a0<a href=\"https:\/\/www.expansion.com\/especiales\/2024\/06\/11\/66640fcd468aeb2a488b45c5.html\" target=\"_blank\" rel=\"noreferrer noopener\">enlace<\/a><\/em><\/p>\n\n\n\n<p><strong><em>\u00bfY por casa?:&nbsp;<\/em><em>ambiente y subjetividad \u201cen salud mental el nombre de las cosas es parte de lo que se disputa\u201d<\/em><\/strong><\/p>\n\n\n\n<p>Una etapa temprana de la conquista de un nuevo mundo se suele caracterizar por ponerle nombre a las cosas hasta un momento dado en que esos nombres se estabilizan. Esto no parece aun haber ocurrido en el campo de la salud mental, especialmente la norteamericana tan proclive a crear s\u00edndromes, nominaciones y enfermedades. As\u00ed parece ocurrir ahora con el espectro de las preocupaciones ambientales, especialmente de los j\u00f3venes &nbsp;&nbsp;&nbsp;<\/p>\n\n\n\n<p>\u201c<em>Se est\u00e1 desarrollando un nuevo vocabulario para nombrar mejor los efectos del cambio clim\u00e1tico en la psique humana (Cianconi). El duelo ecol\u00f3gico y la ecoansiedad son t\u00e9rminos que describen la sensaci\u00f3n de p\u00e9rdida o la ansiedad que las personas sienten en relaci\u00f3n con el cambio clim\u00e1tico, incluida la p\u00e9rdida de un futuro estable (Panu). Solastalgia es un t\u00e9rmino espec\u00edfico acu\u00f1ado para capturar la nostalgia que podemos sentir por una forma de vida tradicional o un paisaje de la infancia destruido por los cambios ambientales (Albrecht). Si bien la ecoansiedad es una respuesta normal a la emergencia clim\u00e1tica y no suele alcanzar el nivel de preocupaci\u00f3n cl\u00ednica, puede moldear las opiniones sobre la sociedad y el futuro, lo que lleva a la ira, la desesperanza o la par\u00e1lisis, especialmente en los j\u00f3venes (Hickman). Los activistas y los cient\u00edficos del clima tambi\u00e9n pueden experimentar agotamiento emocional y desesperaci\u00f3n cuando el progreso hacia la sustentabilidad se tambalea (Malach)\u201d.<\/em><\/p>\n\n\n\n<p>Quedar\u00e1 abierta la pregunta a la asociaci\u00f3n psiqui\u00e1trica norteamericana sobre si deber\u00edamos dejar de investigar, reflexionar y difundir informaci\u00f3n rigurosa y contundente sobre el cambio clim\u00e1tico para no inquietar.<\/p>\n\n\n\n<p><em>Se puede acceder a la nota completa a trav\u00e9s del\u00a0<a href=\"https:\/\/www.psychiatry.org\/patients-families\/la-salud-mental\/conexiones-entre-el-cambio-climatico-y-la-salud-me\" target=\"_blank\" rel=\"noreferrer noopener\">enlace<\/a><\/em><\/p>\n\n\n\n<p><em><strong>La Salud como asunto Internacional: Resistencia Antimicrobiana: agrandar la mirada<\/strong><\/em><\/p>\n\n\n\n<p>Una definici\u00f3n, un tanto c\u00ednica, de la salud internacional afirmaba que se trata de \u201cla salud de los otros, en tanto nos afecte a nosotros\u201d. Es lo que parece intentar para llamar la atenci\u00f3n el al Foro Econ\u00f3mico Mundial (WEF) al titular un art\u00edculo reciente como: \u201cLa desigualdad est\u00e1 impulsando la resistencia a los medicamentos antimicrobianos\u201d. La cita que precedida por referencias al cambio clim\u00e1tico y a la desigualdad creciente resulta m\u00e1s que elocuente &nbsp;&nbsp;<\/p>\n\n\n\n<p><em>\u201c\u2026<\/em><em>los responsables pol\u00edticos y los acad\u00e9micos se han centrado principalmente en los factores m\u00e9dicos y microbiol\u00f3gicos que impulsan la resistencia a los antimicrobianos. No se ha prestado suficiente atenci\u00f3n a la relaci\u00f3n entre los factores sociales y econ\u00f3micos\u2026 y la aparici\u00f3n de infecciones resistentes a los antimicrobianos.\u201d<\/em><\/p>\n\n\n\n<p><em>Se puede acceder a la nota completa a trav\u00e9s del\u00a0<a href=\"https:\/\/es.weforum.org\/agenda\/2024\/06\/la-desigualdad-esta-impulsando-la-resistencia-a-los-medicamentos-antimicrobianos-asi-podemos-frenarla\/\" target=\"_blank\" rel=\"noreferrer noopener\">enlace<\/a><\/em><\/p>\n\n\n\n<p><a href=\"https:\/\/revistasoberaniasanitaria.com.ar\/reporte-de-salud-internacional-15\/\"><strong><\/strong><\/a><\/p>\n","protected":false},"excerpt":{"rendered":"<p>Por Mario Rovere.\u00a0Publicado en Revista Soberan\u00eda Sanitaria. Efecto mariposa (todo tiene que ver con todo): se agranda el teatro de operaciones, Argentina entra al juego La guerra entre Estados Unidos y Rusia contin\u00faa escalando y [&hellip;]<\/p>\n","protected":false},"author":1,"featured_media":2534,"comment_status":"closed","ping_status":"open","sticky":false,"template":"","format":"standard","meta":{"footnotes":""},"categories":[123],"tags":[125,124,57],"class_list":["post-2557","post","type-post","status-publish","format-standard","has-post-thumbnail","hentry","category-salud-internacional","tag-complejo-medico-industrial","tag-efecto-mariposa","tag-salud-mental"],"_links":{"self":[{"href":"https:\/\/campusff.ms.gba.gov.ar\/comunidaddea-ff\/wp-json\/wp\/v2\/posts\/2557","targetHints":{"allow":["GET"]}}],"collection":[{"href":"https:\/\/campusff.ms.gba.gov.ar\/comunidaddea-ff\/wp-json\/wp\/v2\/posts"}],"about":[{"href":"https:\/\/campusff.ms.gba.gov.ar\/comunidaddea-ff\/wp-json\/wp\/v2\/types\/post"}],"author":[{"embeddable":true,"href":"https:\/\/campusff.ms.gba.gov.ar\/comunidaddea-ff\/wp-json\/wp\/v2\/users\/1"}],"replies":[{"embeddable":true,"href":"https:\/\/campusff.ms.gba.gov.ar\/comunidaddea-ff\/wp-json\/wp\/v2\/comments?post=2557"}],"version-history":[{"count":1,"href":"https:\/\/campusff.ms.gba.gov.ar\/comunidaddea-ff\/wp-json\/wp\/v2\/posts\/2557\/revisions"}],"predecessor-version":[{"id":2558,"href":"https:\/\/campusff.ms.gba.gov.ar\/comunidaddea-ff\/wp-json\/wp\/v2\/posts\/2557\/revisions\/2558"}],"wp:featuredmedia":[{"embeddable":true,"href":"https:\/\/campusff.ms.gba.gov.ar\/comunidaddea-ff\/wp-json\/wp\/v2\/media\/2534"}],"wp:attachment":[{"href":"https:\/\/campusff.ms.gba.gov.ar\/comunidaddea-ff\/wp-json\/wp\/v2\/media?parent=2557"}],"wp:term":[{"taxonomy":"category","embeddable":true,"href":"https:\/\/campusff.ms.gba.gov.ar\/comunidaddea-ff\/wp-json\/wp\/v2\/categories?post=2557"},{"taxonomy":"post_tag","embeddable":true,"href":"https:\/\/campusff.ms.gba.gov.ar\/comunidaddea-ff\/wp-json\/wp\/v2\/tags?post=2557"}],"curies":[{"name":"wp","href":"https:\/\/api.w.org\/{rel}","templated":true}]}}