{"id":2539,"date":"2024-06-04T13:34:00","date_gmt":"2024-06-04T16:34:00","guid":{"rendered":"https:\/\/campusff.ms.gba.gov.ar\/comunidaddea-ff\/?p=2539"},"modified":"2024-07-03T10:17:28","modified_gmt":"2024-07-03T13:17:28","slug":"reporte-de-salud-internacional-12","status":"publish","type":"post","link":"https:\/\/campusff.ms.gba.gov.ar\/comunidaddea-ff\/2024\/06\/04\/reporte-de-salud-internacional-12\/","title":{"rendered":"Reporte de salud internacional #12"},"content":{"rendered":"\n<p><em>Por Mario Rovere.\u00a0<a href=\"https:\/\/revistasoberaniasanitaria.com.ar\/reporte-de-salud-internacional-12\/\" target=\"_blank\" rel=\"noreferrer noopener\">Publicado en Revista Soberan\u00eda Sanitaria.<\/a><\/em><\/p>\n\n\n\n<p><em><strong>Efecto mariposa (todo tiene que ver con todo):\u201dlos acontecimientos se precipitan\u201d<\/strong><\/em><\/p>\n\n\n\n<p><em>\u201cEstados Unidos es un estado fascista\u201d una frase llamativa si es pronunciada por un ex presidente de ese mismo pa\u00eds y recogida en la tapa de\u201d The Times\u201d justo el primer d\u00eda de junio de este a\u00f1o\u201d.<\/em><\/p>\n\n\n\n<p>La posibilidad real. -y hasta parad\u00f3jicamente incrementada por el veredicto judicial en su contra- de que Donald Trump gane la presidencia en noviembre de este a\u00f1o&nbsp;<em>acelera<\/em>&nbsp;los preparativos a nivel mundial para una posible \u201cvuelta de campana\u201d en la pol\u00edtica exterior de su pa\u00eds.<\/p>\n\n\n\n<p>No se trata de la irrupci\u00f3n de un actor desconocido, temen porque lo conocen y con una alta probabilidad reimpulsar\u00eda una suerte de nacionalismo econ\u00f3mico para la primera potencia nuclear del planeta. Por ello Israel&nbsp;<em>acelera<\/em>&nbsp;su conquista territorial en el sur de la franja de Gaza, con armas que llevan definitivamente la firma de Joe Biden, quien a su vez enfrenta una intensa campa\u00f1a universitaria pro-Palestina, de una intensidad que no se ve\u00eda desde la guerra de Vietnam.<\/p>\n\n\n\n<p>Ucrania&nbsp;<em>acelera<\/em>&nbsp;aprovechando una autorizaci\u00f3n de Estados Unidos de atacar blancos estrat\u00e9gicos en territorio ruso, exacerbando as\u00ed la posibilidad de una respuesta con armas nucleares, aunque esto&nbsp;<em>acelere<\/em>&nbsp;el riesgo de un apocalipsis. Una autorizaci\u00f3n que podr\u00eda ser un indicio que Biden piensa seriamente en la posibilidad de perder las elecciones y trata de&nbsp;<em>acelerar<\/em>&nbsp;el establecer un \u201checho consumado\u201d que sea irreversible para su rival pol\u00edtico.<\/p>\n\n\n\n<p>La Uni\u00f3n Europea&nbsp;<em>acelera,&nbsp;<\/em>a trav\u00e9s de un nuevo proyecto multianual Global Gateway que invertir\u00e1 300 mil millones de Euros, en los sectores digital, energ\u00e9tico y de transporte porque siente que puede quedar rezagada en la reconfiguraci\u00f3n de un nuevo orden mundial y quedar sola frente a la potencia militar de Rusia si acaso Ucrania queda a la deriva.<\/p>\n\n\n\n<p>China&nbsp;<em>acelera<\/em>&nbsp;y desarrolla una iniciativa diplom\u00e1tica in\u00e9dita para establecer una alianza con Jap\u00f3n y Corea del sur cl\u00e1sicos competidores que se re\u00fanen ahora por el riesgo cierto de un bloqueo, \u2013 estrategia que por d\u00e9cadas utiliza contra Cuba-, de insumos clave para la industria de los tigres asi\u00e1ticos.<\/p>\n\n\n\n<p><em>\u201cEl primer ministro chino, Li Qiang, lleg\u00f3 a Se\u00fal el domingo para asistir a la novena Cumbre Trilateral entre China, Jap\u00f3n y Corea del Sur. Li se reuni\u00f3 con el presidente surcoreano, y el primer ministro japon\u00e9s. Los expertos chinos dijeron que las tres principales econom\u00edas del este de Asia har\u00e1n esfuerzos pragm\u00e1ticos para garantizar el desarrollo econ\u00f3mico y que la integraci\u00f3n de la regi\u00f3n no se vea afectada por la confrontaci\u00f3n de bloques y las crisis geopol\u00edticas\u201d.&nbsp;<\/em><\/p>\n\n\n\n<p>El Global Times concluye<em>:&nbsp;\u00abHoy, debido al conflicto entre Rusia y Ucrania y las tensiones entre China y Estados Unidos, las cadenas de suministro globales y las cadenas industriales se han visto interrumpidas, y las tres principales econom\u00edas de la regi\u00f3n enfrentan diferentes desaf\u00edos. Ahora se dan cuenta de que es hora de volver a encarrilar los lazos trilaterales. para que puedan buscar ayuda mutua para garantizar una recuperaci\u00f3n estable de la econom\u00eda e impulsar el crecimiento futuro mediante la promoci\u00f3n de la integraci\u00f3n econ\u00f3mica regional\u00bb&nbsp;<\/em><\/p>\n\n\n\n<p><em>Se puede acceder a la nota completa a trav\u00e9s del\u00a0<a href=\"https:\/\/www.globaltimes.cn\/page\/202405\/1313058.shtml\" target=\"_blank\" rel=\"noreferrer noopener\">enlace<\/a><\/em><\/p>\n\n\n\n<p><em><strong>.\u00bfY por casa? \u201cla Salud Mental cuenta y se cuenta\u201d<\/strong><\/em><\/p>\n\n\n\n<p>La Ciudad de Nueva York, una de las mas castigadas a nivel mundial por la pandemia de Covid 19 acaba de publicar uno de los informes mas completos de base poblacional sobre el estado de la Salud Mental de sus habitantes.<\/p>\n\n\n\n<p><em>El Departamento de Salud y Salud Mental ha publicado hoy\u00a031 de mayo del 2024\u00a0<\/em><a href=\"https:\/\/www.nyc.gov\/assets\/doh\/downloads\/pdf\/mh\/state-of-mental-health-new-yorkers.pdf\" target=\"_blank\" rel=\"noreferrer noopener\"><em>un informe hist\u00f3rico sobre el estado de la salud mental de los neoyorquinos<\/em><\/a><em>. Se trata del primer informe de este tipo publicado por la ciudad. El informe presenta datos de todos los grupos de edad, desde ni\u00f1os y j\u00f3venes hasta adultos, incluyendo diagn\u00f3sticos formales, medidas de bienestar, as\u00ed como datos sobre factores ambientales que pueden afectar a estas medidas, como el acceso y el uso de servicios de salud mental.<\/em><\/p>\n\n\n\n<p><em>&nbsp;\u00abLo que vemos en los datos es que la salud mental no es est\u00e1tica ni homog\u00e9nea. Vemos una crisis profunda en algunas comunidades, mientras observamos un bienestar relativo en otras. Tambi\u00e9n vemos un panorama en evoluci\u00f3n tras el COVID-19 en el que los neoyorquinos se recuperan de algunos de los peores impactos de la pandemia y los efectos a m\u00e1s largo plazo siguen desarroll\u00e1ndose. Este informe representa un momento hist\u00f3rico, el inicio de un proceso en el que se informa sistem\u00e1ticamente sobre la salud mental de la ciudad como una responsabilidad c\u00edvica.\u00bb<\/em><\/p>\n\n\n\n<p>El informe en tono comunicacional de casi 80 p\u00e1ginas en su versi\u00f3n original puede descargarse en la p\u00e1gina:\u00a0<a href=\"https:\/\/www.nyc.gov\/assets\/doh\/downloads\/pdf\/mh\/state-of-mental-health-new-yorkers.pdf\" target=\"_blank\" rel=\"noreferrer noopener\">https:\/\/www.nyc.gov\/assets\/doh\/downloads\/pdf\/mh\/state-of-mental-health-new-yorkers.pdf<\/a><\/p>\n\n\n\n<p><em><strong>\u201cBarbas en remojo\u201d; o \u201cmicrorganismos que resisten\u201d<\/strong><\/em><\/p>\n\n\n\n<p>Durante la pandemia de covid-19 hubo un excesivo uso de antibi\u00f3ticos para los pacientes hospitalizados de esta enfermedad, lo que pudo haber exacerbado una \u00absilenciosa\u00bb propagaci\u00f3n de la resistencia a los antimicrobianos (AMR), indic\u00f3 la Organizaci\u00f3n Mundial de la Salud.<\/p>\n\n\n\n<p>Aunque s\u00f3lo un 8 % de los pacientes hospitalizados con covid-19 ten\u00eda adem\u00e1s infecciones bacterianas que requer\u00edan el uso de antibi\u00f3ticos, estos medicamentos se utilizaron en tres de cada cuatro pacientes (75 %).<\/p>\n\n\n\n<p>La \u00faltima semana de mayo, los pa\u00edses miembros de la Organizaci\u00f3n Mundial de la Salud (OMS) aprobaron, en la asamblea anual del organismo, una resoluci\u00f3n para movilizar al mundo ante la resistencia a los antibi\u00f3ticos y otros antimicrobianos (RAM), un problema que los expertos consideran una de las mayores amenazas a la salud humana y que causa alrededor de 1,3 millones de muertes al a\u00f1o.<\/p>\n\n\n\n<p>En el mismo sentido se public\u00f3 en el Bolet\u00edn Oficial el 29 de mayo la Ley Nacional 27.680 de Prevenci\u00f3n y Control de la Resistencia a los Antimicrobianos.<\/p>\n\n\n\n<p><em>Se puede acceder a la nota completa a trav\u00e9s del\u00a0<a href=\"https:\/\/www.boletinoficial.gob.ar\/pdf\/aviso\/primera\/270118\/20240529\" target=\"_blank\" rel=\"noreferrer noopener\">enlace<\/a><\/em><\/p>\n\n\n\n<p><a href=\"https:\/\/revistasoberaniasanitaria.com.ar\/reporte-de-salud-internacional-13\/\"><strong><\/strong><\/a><\/p>\n","protected":false},"excerpt":{"rendered":"<p>Por Mario Rovere.\u00a0Publicado en Revista Soberan\u00eda Sanitaria. Efecto mariposa (todo tiene que ver con todo):\u201dlos acontecimientos se precipitan\u201d \u201cEstados Unidos es un estado fascista\u201d una frase llamativa si es pronunciada por un ex presidente de [&hellip;]<\/p>\n","protected":false},"author":1,"featured_media":2534,"comment_status":"closed","ping_status":"open","sticky":false,"template":"","format":"standard","meta":{"footnotes":""},"categories":[123],"tags":[],"class_list":["post-2539","post","type-post","status-publish","format-standard","has-post-thumbnail","hentry","category-salud-internacional"],"_links":{"self":[{"href":"https:\/\/campusff.ms.gba.gov.ar\/comunidaddea-ff\/wp-json\/wp\/v2\/posts\/2539","targetHints":{"allow":["GET"]}}],"collection":[{"href":"https:\/\/campusff.ms.gba.gov.ar\/comunidaddea-ff\/wp-json\/wp\/v2\/posts"}],"about":[{"href":"https:\/\/campusff.ms.gba.gov.ar\/comunidaddea-ff\/wp-json\/wp\/v2\/types\/post"}],"author":[{"embeddable":true,"href":"https:\/\/campusff.ms.gba.gov.ar\/comunidaddea-ff\/wp-json\/wp\/v2\/users\/1"}],"replies":[{"embeddable":true,"href":"https:\/\/campusff.ms.gba.gov.ar\/comunidaddea-ff\/wp-json\/wp\/v2\/comments?post=2539"}],"version-history":[{"count":1,"href":"https:\/\/campusff.ms.gba.gov.ar\/comunidaddea-ff\/wp-json\/wp\/v2\/posts\/2539\/revisions"}],"predecessor-version":[{"id":2540,"href":"https:\/\/campusff.ms.gba.gov.ar\/comunidaddea-ff\/wp-json\/wp\/v2\/posts\/2539\/revisions\/2540"}],"wp:featuredmedia":[{"embeddable":true,"href":"https:\/\/campusff.ms.gba.gov.ar\/comunidaddea-ff\/wp-json\/wp\/v2\/media\/2534"}],"wp:attachment":[{"href":"https:\/\/campusff.ms.gba.gov.ar\/comunidaddea-ff\/wp-json\/wp\/v2\/media?parent=2539"}],"wp:term":[{"taxonomy":"category","embeddable":true,"href":"https:\/\/campusff.ms.gba.gov.ar\/comunidaddea-ff\/wp-json\/wp\/v2\/categories?post=2539"},{"taxonomy":"post_tag","embeddable":true,"href":"https:\/\/campusff.ms.gba.gov.ar\/comunidaddea-ff\/wp-json\/wp\/v2\/tags?post=2539"}],"curies":[{"name":"wp","href":"https:\/\/api.w.org\/{rel}","templated":true}]}}