{"id":2501,"date":"2024-03-06T15:57:28","date_gmt":"2024-03-06T18:57:28","guid":{"rendered":"https:\/\/campusff.ms.gba.gov.ar\/comunidaddea-ff\/?p=2501"},"modified":"2024-06-06T16:00:49","modified_gmt":"2024-06-06T19:00:49","slug":"reporte-de-salud-internacional-2","status":"publish","type":"post","link":"https:\/\/campusff.ms.gba.gov.ar\/comunidaddea-ff\/2024\/03\/06\/reporte-de-salud-internacional-2\/","title":{"rendered":"Reporte de salud internacional #2"},"content":{"rendered":"\n<p><em>Por Mario Rovere. <a href=\"https:\/\/revistasoberaniasanitaria.com.ar\/saludinternacional2\/\" data-type=\"link\" data-id=\"https:\/\/revistasoberaniasanitaria.com.ar\/saludinternacional2\/\" target=\"_blank\" rel=\"noreferrer noopener\">Publicado en Revista Soberan\u00eda Sanitaria.<\/a><\/em><\/p>\n\n\n\n<p><em><strong>Efecto mariposa<\/strong><\/em><\/p>\n\n\n\n<p>La primera semana de marzo quedar\u00e1, sin duda, marcada internacionalmente por la l\u00ednea de partida final de las elecciones norteamericanas. Donald Trump ya sin rivales en posici\u00f3n de challenger, se mantiene a la defensiva a pesar de sobreponerse a su judicializaci\u00f3n y Joe Biden que mostrando su debilidad relativa, a pesar de ser el presidente, decidi\u00f3 pasar a la ofensiva. No est\u00e1 dem\u00e1s se\u00f1alar que esta elecci\u00f3n desborda absolutamente el debate dom\u00e9stico y es seguida con igual o mayor atenci\u00f3n en el resto del mundo que dentro de Estados Unidos. El respaldo a la OTAN, la frontera con M\u00e9xico, la posici\u00f3n relativa de Ucrania, la franja de Gaza, la relaci\u00f3n entre las dos Coreas, la relaci\u00f3n con la CELAC y hasta las alianzas y respaldos internacionales de Javier Milei pueden estar en juego dependiendo del desenlace de esas elecciones que enfrentan dos personas mayores por lo que, sus propias capacidades intelectuales para gobernar ser\u00e1n puestas en entredicho.<\/p>\n\n\n\n<p><em><strong>Contraste<\/strong><\/em><\/p>\n\n\n\n<p>Francia incorpora el derecho a la interrupci\u00f3n voluntaria del embarazo a rango constitucional. \u201cEsta \u00a0iniciativa fue impulsada por el presidente franc\u00e9s, Emmanuel Macron, despu\u00e9s de que el Tribunal Supremo de\u00a0<a href=\"https:\/\/www.liberation.fr\/societe\/droits-des-femmes\/roe-v-wade-et-ivg-dans-la-constitution-la-revitalisation-du-combat-pour-le-droit-a-lavortement-en-france-20240303_PTRGJYQEQZEPPFIH72CK347B3Y\/\" target=\"_blank\" rel=\"noreferrer noopener\">Estados Unidos<\/a>\u00a0derogase en 2022 el reconocimiento federal al derecho al aborto, dejando su autorizaci\u00f3n en manos de cada estado. Asimismo, el Gobierno de Francia tambi\u00e9n busca reafirmar esta libertad ante \u201cciertos movimientos que pretenden restringir el derecho al aborto y a la anticoncepci\u00f3n\u201d en otros pa\u00edses de Europa\u201d.<\/p>\n\n\n\n<p>Se puede ampliar esta informaci\u00f3n en <a href=\"https:\/\/www.newtral.es\/francia-reconoce-derecho-aborto-constitucion\/20240305\/\" data-type=\"link\" data-id=\"https:\/\/www.newtral.es\/francia-reconoce-derecho-aborto-constitucion\/20240305\/\" target=\"_blank\" rel=\"noreferrer noopener\">esta p\u00e1gina<\/a>.<\/p>\n\n\n\n<p>Con esa absoluta novedad constitucional el d\u00eda internacional de la mujer se sinti\u00f3 diferencialmente en diferentes pa\u00edses y en grandes ciudades. Una revisi\u00f3n de tapas de peri\u00f3dicos al otro d\u00eda (9 de marzo) indica que: en Espa\u00f1a, un pa\u00eds que se autopercibe pionero en esta gesta, &nbsp;hubo manifestaciones masivas en Bilbao y todo el pa\u00eds Vasco, en Arag\u00f3n, en Barcelona, en Asturias, en Galicia,\u2026 pero no en la muy reaccionaria Madrid en donde seg\u00fan el peri\u00f3dico ocurrieron dos marchas divididas por la autodeterminaci\u00f3n de g\u00e9nero y la prostituci\u00f3n. El feminismo hist\u00f3rico y la comisi\u00f3n 8M difieren y convergen al mismo tiempo. En Alemania ninguna tapa documenta manifestaciones, en Italia apenas la Stampa muestra una foto de manifestaci\u00f3n de estudiantes en Torino, y lo m\u00e1s curioso ning\u00fan peri\u00f3dico franc\u00e9s coloca fotos en tapa pero el New York Times s\u00ed, a falta de fotos propias coloca una de \u201cLes Rosies\u201d &nbsp;manifest\u00e1ndose en Par\u00eds. En los diarios de Brasil se destacan manifestaciones en Salvador de Bah\u00eda, en Santiago de Chile, y en Calama, en Barranquilla Colombia, en el Distrito Federal de M\u00e9xico 180.000 mujeres, igual que aqu\u00ed bajo 32 grados de temperatura y rodeadas de fuerzas \u201cantimotines\u201d.<\/p>\n\n\n\n<p><em><strong>\u201cY por casa\u201d<\/strong><\/em><\/p>\n\n\n\n<p>The Guardian el 5 de marzo anuncia una nueva escalada conservadora contra el hist\u00f3rico sistema de salud de Gran Breta\u00f1a (NHS) desde la d\u00e9cada de los 70s no se enfrentaba un recorte similar en t\u00e9rminos reales, ajustado por inflaci\u00f3n para el presupuesto 2024. El alerta de todos los actores pol\u00edticos, sociedades profesionales, sindicatos y organismos de defensa de los ciudadanos, tras 15 meses de huelga por perdidas salariales se siente como que Jeremy Hunt ministro de Hacienda simplemente decide echar nafta al fuego.<\/p>\n\n\n\n<p>\u201c El gasto sanitario en Inglaterra sufrir\u00e1 un recorte del 1,2% (por un valor de 2.000 millones de libras esterlinas) en el nuevo ejercicio financiero que comienza el pr\u00f3ximo mes, a pesar de que el NHS se enfrenta a costes adicionales por las continuas huelgas salariales y la expansi\u00f3n de su fuerza laboral, seg\u00fan un an\u00e1lisis del&nbsp;<a href=\"https:\/\/www.theguardian.com\/business\/institute-for-fiscal-studies\">Instituto. de Estudios Fiscales<\/a>&nbsp;(IfS)\u201d.<\/p>\n\n\n\n<p>Se puede ampliar <a href=\"https:\/\/www.theguardian.com\/uk-news\/2024\/mar\/04\/nhs-funding-faces-biggest-real-terms-cuts-since-1970s-warns-ifs\" data-type=\"link\" data-id=\"https:\/\/www.theguardian.com\/uk-news\/2024\/mar\/04\/nhs-funding-faces-biggest-real-terms-cuts-since-1970s-warns-ifs\" target=\"_blank\" rel=\"noreferrer noopener\">aqu\u00ed<\/a>.<\/p>\n\n\n\n<p><em><strong>Ver y prever<\/strong><\/em><\/p>\n\n\n\n<p>La vacuna del Dengue llega con alta confusi\u00f3n epidemiol\u00f3gica. La nota de tapa de O Globo indica que la focalizaci\u00f3n de los grupos etarios mas j\u00f3venes (con centralidad a partir de 11 a\u00f1os) a vacunar con una meta de 3,2 millones de aplicaciones se enfrenta con una muy baja demanda lo que oblig\u00f3 a varios estados a ampliar las edades \u201calbo\u201d (objetivo) Acre, Goias y Matto Grosso do Sul ya ampl\u00edan hasta los 15 a\u00f1os.<\/p>\n\n\n\n<p>Coincidente con el hito de un mill\u00f3n de casos Brasil se considera el primer pa\u00eds del mundo en disponer la vacunaci\u00f3n en el sistema p\u00fablico a escala nacional apelando a la vacuna del laboratorio Takeda comenzando por las regiones con mayor incidencia contemplando el grupo de 10 a 14 a\u00f1os.<\/p>\n\n\n\n<p>Se puede ampliar en \u00a0este <a href=\"https:\/\/agenciagov.ebc.com.br\/noticias\/202401\/entenda-como-funciona-a-vacina-contra-dengue-ofertada-pelo-sus\" data-type=\"link\" data-id=\"https:\/\/agenciagov.ebc.com.br\/noticias\/202401\/entenda-como-funciona-a-vacina-contra-dengue-ofertada-pelo-sus\" target=\"_blank\" rel=\"noreferrer noopener\">enlace<\/a>.<\/p>\n\n\n\n<p><strong>Una nueva secci\u00f3n\u00a0<em>\u201cmirada Latinoamericana\u201d<\/em><\/strong><\/p>\n\n\n\n<p>Resaltamos la VIII cumbre de la<ins>&nbsp;Comunidad de Estados Latinoamericanos y Car<\/ins><ins>ibe\u00f1os&nbsp;<\/ins><del>&nbsp;<\/del><ins>(<\/ins>CELAC<ins>)<\/ins><del>&nbsp;<\/del>en Kingston con las presencias protag\u00f3nicas de Lula, Petro, Guterrez, Maduro, Xiomara Castro, Diaz Canel y la notable ausencia de autoridades argentinas.<\/p>\n\n\n\n<p>La Cumbre que en t\u00e9rminos de Xiomara Castro \u201cimpulsa una estrategia sanitaria regional y una preocupaci\u00f3n por la seguridad alimentaria y el cambio clim\u00e1tico\u201d llam\u00f3 a fortalecer el desarrollo, la producci\u00f3n y la distribuci\u00f3n regional de vacunas, medicamentos e insumos cr\u00edticos, as\u00ed como promover la cooperaci\u00f3n para el desarrollo cient\u00edfico tecnol\u00f3gico, la innovaci\u00f3n y la investigaci\u00f3n.<\/p>\n\n\n\n<p>\u201cLos dirigentes de Am\u00e9rica Latina y el Caribe&nbsp;conmemoraron&nbsp;el d\u00e9cimo aniversario de la proclama de Am\u00e9rica Latina y el Caribe como zona de paz&nbsp;y&nbsp;marcaron sus posiciones sobre&nbsp;los grandes problemas globales, as\u00ed como en defensa de la soberan\u00eda y el derecho a la autodeterminaci\u00f3n, uno de los prop\u00f3sitos centrales de&nbsp;la existencia de este foro que re\u00fane a 33 pa\u00edses del continente\u201d.<\/p>\n","protected":false},"excerpt":{"rendered":"<p>Por Mario Rovere. Publicado en Revista Soberan\u00eda Sanitaria. Efecto mariposa La primera semana de marzo quedar\u00e1, sin duda, marcada internacionalmente por la l\u00ednea de partida final de las elecciones norteamericanas. Donald Trump ya sin rivales [&hellip;]<\/p>\n","protected":false},"author":1,"featured_media":2504,"comment_status":"closed","ping_status":"open","sticky":false,"template":"","format":"standard","meta":{"footnotes":""},"categories":[123],"tags":[],"class_list":["post-2501","post","type-post","status-publish","format-standard","has-post-thumbnail","hentry","category-salud-internacional"],"_links":{"self":[{"href":"https:\/\/campusff.ms.gba.gov.ar\/comunidaddea-ff\/wp-json\/wp\/v2\/posts\/2501","targetHints":{"allow":["GET"]}}],"collection":[{"href":"https:\/\/campusff.ms.gba.gov.ar\/comunidaddea-ff\/wp-json\/wp\/v2\/posts"}],"about":[{"href":"https:\/\/campusff.ms.gba.gov.ar\/comunidaddea-ff\/wp-json\/wp\/v2\/types\/post"}],"author":[{"embeddable":true,"href":"https:\/\/campusff.ms.gba.gov.ar\/comunidaddea-ff\/wp-json\/wp\/v2\/users\/1"}],"replies":[{"embeddable":true,"href":"https:\/\/campusff.ms.gba.gov.ar\/comunidaddea-ff\/wp-json\/wp\/v2\/comments?post=2501"}],"version-history":[{"count":1,"href":"https:\/\/campusff.ms.gba.gov.ar\/comunidaddea-ff\/wp-json\/wp\/v2\/posts\/2501\/revisions"}],"predecessor-version":[{"id":2502,"href":"https:\/\/campusff.ms.gba.gov.ar\/comunidaddea-ff\/wp-json\/wp\/v2\/posts\/2501\/revisions\/2502"}],"wp:featuredmedia":[{"embeddable":true,"href":"https:\/\/campusff.ms.gba.gov.ar\/comunidaddea-ff\/wp-json\/wp\/v2\/media\/2504"}],"wp:attachment":[{"href":"https:\/\/campusff.ms.gba.gov.ar\/comunidaddea-ff\/wp-json\/wp\/v2\/media?parent=2501"}],"wp:term":[{"taxonomy":"category","embeddable":true,"href":"https:\/\/campusff.ms.gba.gov.ar\/comunidaddea-ff\/wp-json\/wp\/v2\/categories?post=2501"},{"taxonomy":"post_tag","embeddable":true,"href":"https:\/\/campusff.ms.gba.gov.ar\/comunidaddea-ff\/wp-json\/wp\/v2\/tags?post=2501"}],"curies":[{"name":"wp","href":"https:\/\/api.w.org\/{rel}","templated":true}]}}