{"id":2471,"date":"2024-05-03T11:55:57","date_gmt":"2024-05-03T14:55:57","guid":{"rendered":"https:\/\/campusff.ms.gba.gov.ar\/comunidaddea-ff\/?p=2471"},"modified":"2024-07-03T10:17:46","modified_gmt":"2024-07-03T13:17:46","slug":"comenzo-el-congreso-provincial-de-salud","status":"publish","type":"post","link":"https:\/\/campusff.ms.gba.gov.ar\/comunidaddea-ff\/2024\/05\/03\/comenzo-el-congreso-provincial-de-salud\/","title":{"rendered":"Comenz\u00f3 el Congreso Provincial de Salud"},"content":{"rendered":"\n<p><strong>Congreso Provincial de Salud &#8211; 2, 3 y 4 de mayo 2024<\/strong><\/p>\n\n\n\n<p>\u00a1Termin\u00f3 la espera! Arranc\u00f3 el Congreso Provincial de Salud 2024, donde miles de participantes se encuentran para discutir, reflexionar y seguir construyendo el Plan Quinquenal Bonaerense.<\/p>\n\n\n\n<p>Con m\u00e1s de 10 mil participantes, presentaciones de trabajo, mesas tem\u00e1ticas, presentaci\u00f3n de libros, cine debate, feria sanitaria, concurso de fotograf\u00eda, asamblea, talleres y m\u00e1s, ser\u00e1n jornadas para encontrarse con miles y miles trabajadores y actores de la salud.<\/p>\n\n\n<div class=\"wp-block-image\">\n<figure class=\"aligncenter size-full\"><img loading=\"lazy\" decoding=\"async\" width=\"565\" height=\"363\" src=\"https:\/\/campusff.ms.gba.gov.ar\/comunidaddea-ff\/wp-content\/uploads\/sites\/3\/2024\/05\/imagen.png\" alt=\"\" class=\"wp-image-2472\" srcset=\"https:\/\/campusff.ms.gba.gov.ar\/comunidaddea-ff\/wp-content\/uploads\/sites\/3\/2024\/05\/imagen.png 565w, https:\/\/campusff.ms.gba.gov.ar\/comunidaddea-ff\/wp-content\/uploads\/sites\/3\/2024\/05\/imagen-300x193.png 300w\" sizes=\"auto, (max-width: 565px) 100vw, 565px\" \/><\/figure><\/div>\n\n\n<p><strong>Segu\u00ed la cobertura especial de Radio Floreal:<\/strong><\/p>\n\n\n\n<p><a href=\"https:\/\/www.ivoox.com\/player_es_podcast_2419351_zp_1.html?c1=0f9fb8\">https:\/\/www.ivoox.com\/player_es_podcast_2419351_zp_1.html?c1=0f9fb8<\/a><\/p>\n\n\n\n<p><strong>Cheque\u00e1 el programa:<\/strong> <\/p>\n\n\n\n<p><a href=\"https:\/\/www.ms.gba.gov.ar\/sitios\/congresoprovincialdesalud\/programa-2024\/\" target=\"_blank\" rel=\"noreferrer noopener\">https:\/\/www.ms.gba.gov.ar\/sitios\/congresoprovincialdesalud\/programa-2024\/<\/a><\/p>\n\n\n\n<p><strong>P\u00e1gina oficial para consultar m\u00e1s informaci\u00f3n<\/strong>: <\/p>\n\n\n\n<p><a href=\"https:\/\/www.ms.gba.gov.ar\/sitios\/congresoprovincialdesalud\/\" target=\"_blank\" rel=\"noreferrer noopener\">https:\/\/www.ms.gba.gov.ar\/sitios\/congresoprovincialdesalud\/<\/a><\/p>\n","protected":false},"excerpt":{"rendered":"<p>Congreso Provincial de Salud &#8211; 2, 3 y 4 de mayo 2024 \u00a1Termin\u00f3 la espera! Arranc\u00f3 el Congreso Provincial de Salud 2024, donde miles de participantes se encuentran para discutir, reflexionar y seguir construyendo el [&hellip;]<\/p>\n","protected":false},"author":4,"featured_media":2472,"comment_status":"closed","ping_status":"open","sticky":false,"template":"","format":"standard","meta":{"footnotes":""},"categories":[5],"tags":[],"class_list":["post-2471","post","type-post","status-publish","format-standard","has-post-thumbnail","hentry","category-novedades"],"_links":{"self":[{"href":"https:\/\/campusff.ms.gba.gov.ar\/comunidaddea-ff\/wp-json\/wp\/v2\/posts\/2471","targetHints":{"allow":["GET"]}}],"collection":[{"href":"https:\/\/campusff.ms.gba.gov.ar\/comunidaddea-ff\/wp-json\/wp\/v2\/posts"}],"about":[{"href":"https:\/\/campusff.ms.gba.gov.ar\/comunidaddea-ff\/wp-json\/wp\/v2\/types\/post"}],"author":[{"embeddable":true,"href":"https:\/\/campusff.ms.gba.gov.ar\/comunidaddea-ff\/wp-json\/wp\/v2\/users\/4"}],"replies":[{"embeddable":true,"href":"https:\/\/campusff.ms.gba.gov.ar\/comunidaddea-ff\/wp-json\/wp\/v2\/comments?post=2471"}],"version-history":[{"count":3,"href":"https:\/\/campusff.ms.gba.gov.ar\/comunidaddea-ff\/wp-json\/wp\/v2\/posts\/2471\/revisions"}],"predecessor-version":[{"id":2589,"href":"https:\/\/campusff.ms.gba.gov.ar\/comunidaddea-ff\/wp-json\/wp\/v2\/posts\/2471\/revisions\/2589"}],"wp:featuredmedia":[{"embeddable":true,"href":"https:\/\/campusff.ms.gba.gov.ar\/comunidaddea-ff\/wp-json\/wp\/v2\/media\/2472"}],"wp:attachment":[{"href":"https:\/\/campusff.ms.gba.gov.ar\/comunidaddea-ff\/wp-json\/wp\/v2\/media?parent=2471"}],"wp:term":[{"taxonomy":"category","embeddable":true,"href":"https:\/\/campusff.ms.gba.gov.ar\/comunidaddea-ff\/wp-json\/wp\/v2\/categories?post=2471"},{"taxonomy":"post_tag","embeddable":true,"href":"https:\/\/campusff.ms.gba.gov.ar\/comunidaddea-ff\/wp-json\/wp\/v2\/tags?post=2471"}],"curies":[{"name":"wp","href":"https:\/\/api.w.org\/{rel}","templated":true}]}}