{"id":2459,"date":"2024-04-22T10:56:35","date_gmt":"2024-04-22T13:56:35","guid":{"rendered":"https:\/\/campusff.ms.gba.gov.ar\/comunidaddea-ff\/?p=2459"},"modified":"2024-04-22T10:56:37","modified_gmt":"2024-04-22T13:56:37","slug":"pandemia-gestionar-lo-desconocido","status":"publish","type":"post","link":"https:\/\/campusff.ms.gba.gov.ar\/comunidaddea-ff\/2024\/04\/22\/pandemia-gestionar-lo-desconocido\/","title":{"rendered":"Pandemia: gestionar lo desconocido"},"content":{"rendered":"\n<figure class=\"wp-block-embed is-type-video is-provider-youtube wp-block-embed-youtube wp-embed-aspect-16-9 wp-has-aspect-ratio\"><div class=\"wp-block-embed__wrapper\">\n<iframe loading=\"lazy\" title=\"Tr\u00e1iler Pandemia: gestionar lo desconocido\" width=\"660\" height=\"371\" src=\"https:\/\/www.youtube.com\/embed\/cRkCTZklFEI?feature=oembed\" frameborder=\"0\" allow=\"accelerometer; autoplay; clipboard-write; encrypted-media; gyroscope; picture-in-picture; web-share\" referrerpolicy=\"strict-origin-when-cross-origin\" allowfullscreen><\/iframe>\n<\/div><\/figure>\n\n\n\n<p>El mi\u00e9rcoles 17 de abril se estren\u00f3 el documental &#8220;Pandemia: gestionar lo desconocido&#8221;, pel\u00edcula realizada por el Ministro de Salud de la Provincia de Buenos Aires, Nicol\u00e1s Kreplak.<\/p>\n\n\n\n<p>La pel\u00edcula cuenta con la producci\u00f3n de la Fundaci\u00f3n Soberan\u00eda Sanitaria y ser\u00e1 publicada oportunamente con acceso libre en la plataforma Youtube y proyecciones programadas en toda la Provincia.<\/p>\n\n\n\n<p>El documental integra testimonios de profesionales, pacientes y funcionarios, documentando el trabajo del sistema de salud para atender la emergencia. Las primeras informaciones, las tempranas decisiones, los puntos cr\u00edticos en el aumento de casos diarios, la gesti\u00f3n de los insumos, la investigaci\u00f3n y compra de las vacunas, y la hist\u00f3rica campa\u00f1a de vacunaci\u00f3n en un documental \u00fanico y con registros exclusivos.<\/p>\n","protected":false},"excerpt":{"rendered":"<p>El mi\u00e9rcoles 17 de abril se estren\u00f3 el documental &#8220;Pandemia: gestionar lo desconocido&#8221;, pel\u00edcula realizada por el Ministro de Salud de la Provincia de Buenos Aires, Nicol\u00e1s Kreplak. La pel\u00edcula cuenta con la producci\u00f3n de [&hellip;]<\/p>\n","protected":false},"author":1,"featured_media":2460,"comment_status":"closed","ping_status":"open","sticky":false,"template":"","format":"standard","meta":{"footnotes":""},"categories":[5],"tags":[],"class_list":["post-2459","post","type-post","status-publish","format-standard","has-post-thumbnail","hentry","category-novedades"],"_links":{"self":[{"href":"https:\/\/campusff.ms.gba.gov.ar\/comunidaddea-ff\/wp-json\/wp\/v2\/posts\/2459","targetHints":{"allow":["GET"]}}],"collection":[{"href":"https:\/\/campusff.ms.gba.gov.ar\/comunidaddea-ff\/wp-json\/wp\/v2\/posts"}],"about":[{"href":"https:\/\/campusff.ms.gba.gov.ar\/comunidaddea-ff\/wp-json\/wp\/v2\/types\/post"}],"author":[{"embeddable":true,"href":"https:\/\/campusff.ms.gba.gov.ar\/comunidaddea-ff\/wp-json\/wp\/v2\/users\/1"}],"replies":[{"embeddable":true,"href":"https:\/\/campusff.ms.gba.gov.ar\/comunidaddea-ff\/wp-json\/wp\/v2\/comments?post=2459"}],"version-history":[{"count":1,"href":"https:\/\/campusff.ms.gba.gov.ar\/comunidaddea-ff\/wp-json\/wp\/v2\/posts\/2459\/revisions"}],"predecessor-version":[{"id":2461,"href":"https:\/\/campusff.ms.gba.gov.ar\/comunidaddea-ff\/wp-json\/wp\/v2\/posts\/2459\/revisions\/2461"}],"wp:featuredmedia":[{"embeddable":true,"href":"https:\/\/campusff.ms.gba.gov.ar\/comunidaddea-ff\/wp-json\/wp\/v2\/media\/2460"}],"wp:attachment":[{"href":"https:\/\/campusff.ms.gba.gov.ar\/comunidaddea-ff\/wp-json\/wp\/v2\/media?parent=2459"}],"wp:term":[{"taxonomy":"category","embeddable":true,"href":"https:\/\/campusff.ms.gba.gov.ar\/comunidaddea-ff\/wp-json\/wp\/v2\/categories?post=2459"},{"taxonomy":"post_tag","embeddable":true,"href":"https:\/\/campusff.ms.gba.gov.ar\/comunidaddea-ff\/wp-json\/wp\/v2\/tags?post=2459"}],"curies":[{"name":"wp","href":"https:\/\/api.w.org\/{rel}","templated":true}]}}