{"id":2446,"date":"2024-03-05T10:41:43","date_gmt":"2024-03-05T13:41:43","guid":{"rendered":"https:\/\/campusff.ms.gba.gov.ar\/comunidaddea-ff\/?p=2446"},"modified":"2024-03-05T10:41:43","modified_gmt":"2024-03-05T13:41:43","slug":"curso-de-coordinacion-hospitalaria-en-procesos-de-procuracion-y-trasplante","status":"publish","type":"post","link":"https:\/\/campusff.ms.gba.gov.ar\/comunidaddea-ff\/2024\/03\/05\/curso-de-coordinacion-hospitalaria-en-procesos-de-procuracion-y-trasplante\/","title":{"rendered":"Curso de coordinaci\u00f3n hospitalaria en procesos de procuraci\u00f3n y trasplante"},"content":{"rendered":"<div class=\"wp-block-image\">\n<figure class=\"aligncenter size-full\"><img loading=\"lazy\" decoding=\"async\" width=\"590\" height=\"590\" src=\"https:\/\/campusff.ms.gba.gov.ar\/comunidaddea-ff\/wp-content\/uploads\/sites\/3\/2024\/03\/trasplante.png\" alt=\"\" class=\"wp-image-2447\" srcset=\"https:\/\/campusff.ms.gba.gov.ar\/comunidaddea-ff\/wp-content\/uploads\/sites\/3\/2024\/03\/trasplante.png 590w, https:\/\/campusff.ms.gba.gov.ar\/comunidaddea-ff\/wp-content\/uploads\/sites\/3\/2024\/03\/trasplante-300x300.png 300w, https:\/\/campusff.ms.gba.gov.ar\/comunidaddea-ff\/wp-content\/uploads\/sites\/3\/2024\/03\/trasplante-150x150.png 150w\" sizes=\"auto, (max-width: 590px) 100vw, 590px\" \/><\/figure><\/div>\n\n\n<p>Del 13 marzo al 24 de abril de 2024, d\u00edas mi\u00e9rcoles de 10 a 12 horas. <\/p>\n\n\n\n<p>Modalidad virtual con posibilidad de realizarlo asincr\u00f3nicamente.<\/p>\n\n\n\n<p>Destinado a m\u00e9dicos\/as y enfermeros\/as especializados en cuidados intensivos y que se desempe\u00f1en en \u00e1reas de cuidados intensivos, procuraci\u00f3n y unidades de trasplante.<\/p>\n\n\n\n<p>Para informes e inscripci\u00f3n, contactarse al siguiente correo: cursocoordhtal@gmail.com<\/p>\n\n\n\n<p><\/p>\n","protected":false},"excerpt":{"rendered":"<p>Del 13 marzo al 24 de abril de 2024, d\u00edas mi\u00e9rcoles de 10 a 12 horas. Modalidad virtual con posibilidad de realizarlo asincr\u00f3nicamente. Destinado a m\u00e9dicos\/as y enfermeros\/as especializados en cuidados intensivos y que se [&hellip;]<\/p>\n","protected":false},"author":4,"featured_media":2447,"comment_status":"closed","ping_status":"open","sticky":false,"template":"","format":"standard","meta":{"footnotes":""},"categories":[48],"tags":[122,13],"class_list":["post-2446","post","type-post","status-publish","format-standard","has-post-thumbnail","hentry","category-curso-superior","tag-cucaiba","tag-curso"],"_links":{"self":[{"href":"https:\/\/campusff.ms.gba.gov.ar\/comunidaddea-ff\/wp-json\/wp\/v2\/posts\/2446","targetHints":{"allow":["GET"]}}],"collection":[{"href":"https:\/\/campusff.ms.gba.gov.ar\/comunidaddea-ff\/wp-json\/wp\/v2\/posts"}],"about":[{"href":"https:\/\/campusff.ms.gba.gov.ar\/comunidaddea-ff\/wp-json\/wp\/v2\/types\/post"}],"author":[{"embeddable":true,"href":"https:\/\/campusff.ms.gba.gov.ar\/comunidaddea-ff\/wp-json\/wp\/v2\/users\/4"}],"replies":[{"embeddable":true,"href":"https:\/\/campusff.ms.gba.gov.ar\/comunidaddea-ff\/wp-json\/wp\/v2\/comments?post=2446"}],"version-history":[{"count":1,"href":"https:\/\/campusff.ms.gba.gov.ar\/comunidaddea-ff\/wp-json\/wp\/v2\/posts\/2446\/revisions"}],"predecessor-version":[{"id":2448,"href":"https:\/\/campusff.ms.gba.gov.ar\/comunidaddea-ff\/wp-json\/wp\/v2\/posts\/2446\/revisions\/2448"}],"wp:featuredmedia":[{"embeddable":true,"href":"https:\/\/campusff.ms.gba.gov.ar\/comunidaddea-ff\/wp-json\/wp\/v2\/media\/2447"}],"wp:attachment":[{"href":"https:\/\/campusff.ms.gba.gov.ar\/comunidaddea-ff\/wp-json\/wp\/v2\/media?parent=2446"}],"wp:term":[{"taxonomy":"category","embeddable":true,"href":"https:\/\/campusff.ms.gba.gov.ar\/comunidaddea-ff\/wp-json\/wp\/v2\/categories?post=2446"},{"taxonomy":"post_tag","embeddable":true,"href":"https:\/\/campusff.ms.gba.gov.ar\/comunidaddea-ff\/wp-json\/wp\/v2\/tags?post=2446"}],"curies":[{"name":"wp","href":"https:\/\/api.w.org\/{rel}","templated":true}]}}