{"id":2433,"date":"2024-03-05T10:20:51","date_gmt":"2024-03-05T13:20:51","guid":{"rendered":"https:\/\/campusff.ms.gba.gov.ar\/comunidaddea-ff\/?p=2433"},"modified":"2024-03-05T10:21:35","modified_gmt":"2024-03-05T13:21:35","slug":"curso-pai-inscripcion-a-partir-del-6-3-con-cupos-limitados","status":"publish","type":"post","link":"https:\/\/campusff.ms.gba.gov.ar\/comunidaddea-ff\/2024\/03\/05\/curso-pai-inscripcion-a-partir-del-6-3-con-cupos-limitados\/","title":{"rendered":"Curso PAI: inscripci\u00f3n a partir del 6\/3 con cupos limitados"},"content":{"rendered":"<div class=\"wp-block-image\">\n<figure class=\"aligncenter\"><img loading=\"lazy\" decoding=\"async\" width=\"598\" height=\"595\" src=\"https:\/\/campusff.ms.gba.gov.ar\/comunidaddea-ff\/wp-content\/uploads\/sites\/3\/2024\/03\/curso-de-vacunadores.png\" alt=\"\" class=\"wp-image-2434\" srcset=\"https:\/\/campusff.ms.gba.gov.ar\/comunidaddea-ff\/wp-content\/uploads\/sites\/3\/2024\/03\/curso-de-vacunadores.png 598w, https:\/\/campusff.ms.gba.gov.ar\/comunidaddea-ff\/wp-content\/uploads\/sites\/3\/2024\/03\/curso-de-vacunadores-300x298.png 300w, https:\/\/campusff.ms.gba.gov.ar\/comunidaddea-ff\/wp-content\/uploads\/sites\/3\/2024\/03\/curso-de-vacunadores-150x150.png 150w\" sizes=\"auto, (max-width: 598px) 100vw, 598px\" \/><\/figure><\/div>\n\n\n<p><strong>Fecha:<\/strong> del 6 al 13 de marzo pod\u00e9s inscribirte a la nueva edici\u00f3n de la formaci\u00f3n de vacunadores\/as para enfermeros y enfermeras graduados\/as.<\/p>\n\n\n\n<p><strong>Modalidad mixta: <\/strong>clases te\u00f3ricas virtuales en julio y pr\u00e1cticas presenciales en agosto.<br><br><strong>Inscripci\u00f3n:<\/strong> https:\/\/forms.gle\/GnBV7rKRovANPnJJA.<br><br><strong>Consultas:<\/strong> cursopaimsal.ff@gmail.com<br><\/p>\n","protected":false},"excerpt":{"rendered":"<p>Fecha: del 6 al 13 de marzo pod\u00e9s inscribirte a la nueva edici\u00f3n de la formaci\u00f3n de vacunadores\/as para enfermeros y enfermeras graduados\/as. Modalidad mixta: clases te\u00f3ricas virtuales en julio y pr\u00e1cticas presenciales en agosto. [&hellip;]<\/p>\n","protected":false},"author":4,"featured_media":2434,"comment_status":"closed","ping_status":"open","sticky":false,"template":"","format":"standard","meta":{"footnotes":""},"categories":[48],"tags":[117,119,118],"class_list":["post-2433","post","type-post","status-publish","format-standard","has-post-thumbnail","hentry","category-curso-superior","tag-pai","tag-vacunadoras","tag-vacunadores"],"_links":{"self":[{"href":"https:\/\/campusff.ms.gba.gov.ar\/comunidaddea-ff\/wp-json\/wp\/v2\/posts\/2433","targetHints":{"allow":["GET"]}}],"collection":[{"href":"https:\/\/campusff.ms.gba.gov.ar\/comunidaddea-ff\/wp-json\/wp\/v2\/posts"}],"about":[{"href":"https:\/\/campusff.ms.gba.gov.ar\/comunidaddea-ff\/wp-json\/wp\/v2\/types\/post"}],"author":[{"embeddable":true,"href":"https:\/\/campusff.ms.gba.gov.ar\/comunidaddea-ff\/wp-json\/wp\/v2\/users\/4"}],"replies":[{"embeddable":true,"href":"https:\/\/campusff.ms.gba.gov.ar\/comunidaddea-ff\/wp-json\/wp\/v2\/comments?post=2433"}],"version-history":[{"count":2,"href":"https:\/\/campusff.ms.gba.gov.ar\/comunidaddea-ff\/wp-json\/wp\/v2\/posts\/2433\/revisions"}],"predecessor-version":[{"id":2436,"href":"https:\/\/campusff.ms.gba.gov.ar\/comunidaddea-ff\/wp-json\/wp\/v2\/posts\/2433\/revisions\/2436"}],"wp:featuredmedia":[{"embeddable":true,"href":"https:\/\/campusff.ms.gba.gov.ar\/comunidaddea-ff\/wp-json\/wp\/v2\/media\/2434"}],"wp:attachment":[{"href":"https:\/\/campusff.ms.gba.gov.ar\/comunidaddea-ff\/wp-json\/wp\/v2\/media?parent=2433"}],"wp:term":[{"taxonomy":"category","embeddable":true,"href":"https:\/\/campusff.ms.gba.gov.ar\/comunidaddea-ff\/wp-json\/wp\/v2\/categories?post=2433"},{"taxonomy":"post_tag","embeddable":true,"href":"https:\/\/campusff.ms.gba.gov.ar\/comunidaddea-ff\/wp-json\/wp\/v2\/tags?post=2433"}],"curies":[{"name":"wp","href":"https:\/\/api.w.org\/{rel}","templated":true}]}}