{"id":2430,"date":"2024-02-29T11:45:56","date_gmt":"2024-02-29T14:45:56","guid":{"rendered":"https:\/\/campusff.ms.gba.gov.ar\/comunidaddea-ff\/?p=2430"},"modified":"2024-02-29T11:46:21","modified_gmt":"2024-02-29T14:46:21","slug":"congreso-provincial-de-salud-2024","status":"publish","type":"post","link":"https:\/\/campusff.ms.gba.gov.ar\/comunidaddea-ff\/2024\/02\/29\/congreso-provincial-de-salud-2024\/","title":{"rendered":"Congreso Provincial de Salud 2024"},"content":{"rendered":"\n<p><strong>Congreso Provincial de Salud 2024<\/strong><\/p>\n\n\n\n<p>Ya est\u00e1 abierta la preinscripci\u00f3n al Congreso Provincial de Salud 2024. <\/p>\n\n\n\n<p>Lugar: Mar del Plata<\/p>\n\n\n\n<p>D\u00edas: 2, 3 y 4 de mayo<\/p>\n\n\n\n<p>Preinscripci\u00f3n: <a href=\"https:\/\/sistemas.ms.gba.gov.ar\/picosapro\/public\/index.php\">https:\/\/sistemas.ms.gba.gov.ar\/picosapro\/public\/index.php<\/a><\/p>\n\n\n\n<figure class=\"wp-block-image size-large\"><img loading=\"lazy\" decoding=\"async\" width=\"1024\" height=\"1024\" src=\"https:\/\/campusff.ms.gba.gov.ar\/comunidaddea-ff\/wp-content\/uploads\/sites\/3\/2024\/02\/PLACAS1_feed-02-01-1024x1024.jpg\" alt=\"\" class=\"wp-image-2431\" srcset=\"https:\/\/campusff.ms.gba.gov.ar\/comunidaddea-ff\/wp-content\/uploads\/sites\/3\/2024\/02\/PLACAS1_feed-02-01-1024x1024.jpg 1024w, https:\/\/campusff.ms.gba.gov.ar\/comunidaddea-ff\/wp-content\/uploads\/sites\/3\/2024\/02\/PLACAS1_feed-02-01-300x300.jpg 300w, https:\/\/campusff.ms.gba.gov.ar\/comunidaddea-ff\/wp-content\/uploads\/sites\/3\/2024\/02\/PLACAS1_feed-02-01-150x150.jpg 150w, https:\/\/campusff.ms.gba.gov.ar\/comunidaddea-ff\/wp-content\/uploads\/sites\/3\/2024\/02\/PLACAS1_feed-02-01-768x768.jpg 768w, https:\/\/campusff.ms.gba.gov.ar\/comunidaddea-ff\/wp-content\/uploads\/sites\/3\/2024\/02\/PLACAS1_feed-02-01-1536x1536.jpg 1536w, https:\/\/campusff.ms.gba.gov.ar\/comunidaddea-ff\/wp-content\/uploads\/sites\/3\/2024\/02\/PLACAS1_feed-02-01-2048x2048.jpg 2048w\" sizes=\"auto, (max-width: 1024px) 100vw, 1024px\" \/><\/figure>\n\n\n\n<p>Para m\u00e1s informaci\u00f3n acceder a:<\/p>\n\n\n\n<p><a href=\"https:\/\/www.ms.gba.gov.ar\/sitios\/congresoprovincialdesalud\/\">https:\/\/www.ms.gba.gov.ar\/sitios\/congresoprovincialdesalud\/<\/a><\/p>\n","protected":false},"excerpt":{"rendered":"<p>Congreso Provincial de Salud 2024 Ya est\u00e1 abierta la preinscripci\u00f3n al Congreso Provincial de Salud 2024. Lugar: Mar del Plata D\u00edas: 2, 3 y 4 de mayo Preinscripci\u00f3n: https:\/\/sistemas.ms.gba.gov.ar\/picosapro\/public\/index.php Para m\u00e1s informaci\u00f3n acceder a: https:\/\/www.ms.gba.gov.ar\/sitios\/congresoprovincialdesalud\/<\/p>\n","protected":false},"author":4,"featured_media":2431,"comment_status":"closed","ping_status":"open","sticky":false,"template":"","format":"standard","meta":{"footnotes":""},"categories":[5],"tags":[116],"class_list":["post-2430","post","type-post","status-publish","format-standard","has-post-thumbnail","hentry","category-novedades","tag-cosapro"],"_links":{"self":[{"href":"https:\/\/campusff.ms.gba.gov.ar\/comunidaddea-ff\/wp-json\/wp\/v2\/posts\/2430","targetHints":{"allow":["GET"]}}],"collection":[{"href":"https:\/\/campusff.ms.gba.gov.ar\/comunidaddea-ff\/wp-json\/wp\/v2\/posts"}],"about":[{"href":"https:\/\/campusff.ms.gba.gov.ar\/comunidaddea-ff\/wp-json\/wp\/v2\/types\/post"}],"author":[{"embeddable":true,"href":"https:\/\/campusff.ms.gba.gov.ar\/comunidaddea-ff\/wp-json\/wp\/v2\/users\/4"}],"replies":[{"embeddable":true,"href":"https:\/\/campusff.ms.gba.gov.ar\/comunidaddea-ff\/wp-json\/wp\/v2\/comments?post=2430"}],"version-history":[{"count":1,"href":"https:\/\/campusff.ms.gba.gov.ar\/comunidaddea-ff\/wp-json\/wp\/v2\/posts\/2430\/revisions"}],"predecessor-version":[{"id":2432,"href":"https:\/\/campusff.ms.gba.gov.ar\/comunidaddea-ff\/wp-json\/wp\/v2\/posts\/2430\/revisions\/2432"}],"wp:featuredmedia":[{"embeddable":true,"href":"https:\/\/campusff.ms.gba.gov.ar\/comunidaddea-ff\/wp-json\/wp\/v2\/media\/2431"}],"wp:attachment":[{"href":"https:\/\/campusff.ms.gba.gov.ar\/comunidaddea-ff\/wp-json\/wp\/v2\/media?parent=2430"}],"wp:term":[{"taxonomy":"category","embeddable":true,"href":"https:\/\/campusff.ms.gba.gov.ar\/comunidaddea-ff\/wp-json\/wp\/v2\/categories?post=2430"},{"taxonomy":"post_tag","embeddable":true,"href":"https:\/\/campusff.ms.gba.gov.ar\/comunidaddea-ff\/wp-json\/wp\/v2\/tags?post=2430"}],"curies":[{"name":"wp","href":"https:\/\/api.w.org\/{rel}","templated":true}]}}