{"id":2426,"date":"2024-02-29T11:05:40","date_gmt":"2024-02-29T14:05:40","guid":{"rendered":"https:\/\/campusff.ms.gba.gov.ar\/comunidaddea-ff\/?p=2426"},"modified":"2024-02-29T11:05:41","modified_gmt":"2024-02-29T14:05:41","slug":"programa-preresidencias-2024","status":"publish","type":"post","link":"https:\/\/campusff.ms.gba.gov.ar\/comunidaddea-ff\/2024\/02\/29\/programa-preresidencias-2024\/","title":{"rendered":"Programa Preresidencias 2024"},"content":{"rendered":"\n<p><strong>Programa Preresidencias 2024 &#8211; Se anuncia un encuentro virtual de bienvenida <\/strong><\/p>\n\n\n\n<p>Luego de la adjudicaci\u00f3n de cargos el 28 de febrero de m\u00e1s de 200 nuevos preresidentes, el lunes 4 de marzo a las 11 se har\u00e1 un encuentro virtual de bienvenida.<\/p>\n\n\n\n<p>Destinatarios: Preresidentes, tutores\/as de preresidentes, equipos docentes de los servios, Jefes\/as de Residentes, Jefes\/as de Servicio, Coordinadores\/as docentes, Responsables de las \u00e1reas de docencia. <\/p>\n\n\n\n<p>Enlace para conectarse: <a rel=\"noreferrer noopener\" href=\"https:\/\/cutt.ly\/4wBJzRPU?fbclid=IwAR0_0k_M-dAQlwShPam8WYt6iQLlmiqqTh991s9xV8EVUgG1NfiqajqCgpg\" target=\"_blank\">https:\/\/cutt.ly\/4wBJzRPU<\/a><\/p>\n\n\n\n<figure class=\"wp-block-image size-large\"><img loading=\"lazy\" decoding=\"async\" width=\"1024\" height=\"912\" src=\"https:\/\/campusff.ms.gba.gov.ar\/comunidaddea-ff\/wp-content\/uploads\/sites\/3\/2024\/02\/429757705_18020633192032848_6061768314802787340_n-1024x912.jpg\" alt=\"\" class=\"wp-image-2427\" srcset=\"https:\/\/campusff.ms.gba.gov.ar\/comunidaddea-ff\/wp-content\/uploads\/sites\/3\/2024\/02\/429757705_18020633192032848_6061768314802787340_n-1024x912.jpg 1024w, https:\/\/campusff.ms.gba.gov.ar\/comunidaddea-ff\/wp-content\/uploads\/sites\/3\/2024\/02\/429757705_18020633192032848_6061768314802787340_n-300x267.jpg 300w, https:\/\/campusff.ms.gba.gov.ar\/comunidaddea-ff\/wp-content\/uploads\/sites\/3\/2024\/02\/429757705_18020633192032848_6061768314802787340_n-768x684.jpg 768w, https:\/\/campusff.ms.gba.gov.ar\/comunidaddea-ff\/wp-content\/uploads\/sites\/3\/2024\/02\/429757705_18020633192032848_6061768314802787340_n.jpg 1440w\" sizes=\"auto, (max-width: 1024px) 100vw, 1024px\" \/><\/figure>\n\n\n\n<p><\/p>\n","protected":false},"excerpt":{"rendered":"<p>Programa Preresidencias 2024 &#8211; Se anuncia un encuentro virtual de bienvenida Luego de la adjudicaci\u00f3n de cargos el 28 de febrero de m\u00e1s de 200 nuevos preresidentes, el lunes 4 de marzo a las 11 [&hellip;]<\/p>\n","protected":false},"author":4,"featured_media":2428,"comment_status":"closed","ping_status":"open","sticky":false,"template":"","format":"standard","meta":{"footnotes":""},"categories":[11],"tags":[115],"class_list":["post-2426","post","type-post","status-publish","format-standard","has-post-thumbnail","hentry","category-residencias","tag-preresidencias"],"_links":{"self":[{"href":"https:\/\/campusff.ms.gba.gov.ar\/comunidaddea-ff\/wp-json\/wp\/v2\/posts\/2426","targetHints":{"allow":["GET"]}}],"collection":[{"href":"https:\/\/campusff.ms.gba.gov.ar\/comunidaddea-ff\/wp-json\/wp\/v2\/posts"}],"about":[{"href":"https:\/\/campusff.ms.gba.gov.ar\/comunidaddea-ff\/wp-json\/wp\/v2\/types\/post"}],"author":[{"embeddable":true,"href":"https:\/\/campusff.ms.gba.gov.ar\/comunidaddea-ff\/wp-json\/wp\/v2\/users\/4"}],"replies":[{"embeddable":true,"href":"https:\/\/campusff.ms.gba.gov.ar\/comunidaddea-ff\/wp-json\/wp\/v2\/comments?post=2426"}],"version-history":[{"count":1,"href":"https:\/\/campusff.ms.gba.gov.ar\/comunidaddea-ff\/wp-json\/wp\/v2\/posts\/2426\/revisions"}],"predecessor-version":[{"id":2429,"href":"https:\/\/campusff.ms.gba.gov.ar\/comunidaddea-ff\/wp-json\/wp\/v2\/posts\/2426\/revisions\/2429"}],"wp:featuredmedia":[{"embeddable":true,"href":"https:\/\/campusff.ms.gba.gov.ar\/comunidaddea-ff\/wp-json\/wp\/v2\/media\/2428"}],"wp:attachment":[{"href":"https:\/\/campusff.ms.gba.gov.ar\/comunidaddea-ff\/wp-json\/wp\/v2\/media?parent=2426"}],"wp:term":[{"taxonomy":"category","embeddable":true,"href":"https:\/\/campusff.ms.gba.gov.ar\/comunidaddea-ff\/wp-json\/wp\/v2\/categories?post=2426"},{"taxonomy":"post_tag","embeddable":true,"href":"https:\/\/campusff.ms.gba.gov.ar\/comunidaddea-ff\/wp-json\/wp\/v2\/tags?post=2426"}],"curies":[{"name":"wp","href":"https:\/\/api.w.org\/{rel}","templated":true}]}}