{"id":2365,"date":"2024-01-30T12:47:48","date_gmt":"2024-01-30T15:47:48","guid":{"rendered":"https:\/\/campusff.ms.gba.gov.ar\/comunidaddea-ff\/?p=2365"},"modified":"2024-01-30T12:47:49","modified_gmt":"2024-01-30T15:47:49","slug":"amortiguar-el-impacto","status":"publish","type":"post","link":"https:\/\/campusff.ms.gba.gov.ar\/comunidaddea-ff\/2024\/01\/30\/amortiguar-el-impacto\/","title":{"rendered":"Amortiguar el impacto"},"content":{"rendered":"\n<p>El ministro bonaerense Nicol\u00e1s Kreplak y la tarea de frenar la anti-pol\u00edtica de salud de Milei.<\/p>\n\n\n<div class=\"wp-block-image\">\n<figure class=\"aligncenter size-full\"><img loading=\"lazy\" decoding=\"async\" width=\"793\" height=\"580\" src=\"https:\/\/campusff.ms.gba.gov.ar\/comunidaddea-ff\/wp-content\/uploads\/sites\/3\/2024\/01\/Nicolas-Kreplak.jpg\" alt=\"\" class=\"wp-image-2367\" srcset=\"https:\/\/campusff.ms.gba.gov.ar\/comunidaddea-ff\/wp-content\/uploads\/sites\/3\/2024\/01\/Nicolas-Kreplak.jpg 793w, https:\/\/campusff.ms.gba.gov.ar\/comunidaddea-ff\/wp-content\/uploads\/sites\/3\/2024\/01\/Nicolas-Kreplak-300x219.jpg 300w, https:\/\/campusff.ms.gba.gov.ar\/comunidaddea-ff\/wp-content\/uploads\/sites\/3\/2024\/01\/Nicolas-Kreplak-768x562.jpg 768w\" sizes=\"auto, (max-width: 793px) 100vw, 793px\" \/><\/figure><\/div>\n\n\n<p>El costo del ox\u00edgeno para hospitales se triplic\u00f3 en el corto lapso del gobierno del Presidente Javier Milei. \u201cSalud tiene muchos costos dolarizados, como son las pr\u00f3tesis. Los medicamentos tienen un componente muy grande que est\u00e1 dolarizado, por lo que la devaluaci\u00f3n (del 118%) impact\u00f3 directamente, pero adem\u00e1s la liberaci\u00f3n de precios gener\u00f3 un fuerte golpe\u201d, describe el ministro de Salud de la provincia de Buenos Aires, Nicol\u00e1s Kreplak, en di\u00e1logo con<em>\u00a0El Cohete a la Luna<\/em>. Explica las estrategias para reducir costos, informando sobre los dos proyectos de ley presentados en la legislatura bonaerense: la creaci\u00f3n de la industria farmac\u00e9utica con participaci\u00f3n mayoritaria del Estado y la creaci\u00f3n de la empresa de emergencias en salud.<\/p>\n\n\n\n<p>\u201cVen\u00edamos con una inflaci\u00f3n entre un 8 y un 12% mensual, y cuando se pasa a un 25% con\u00a0 una inflaci\u00f3n despareja, donde medicamentos y alimentos \u2014en los hospitales se le da de comer a los internados\u2014, aumentan muy por arriba, eso genera en primera instancia que no se pueda continuar con las compras\u201d, sostiene el ministro de Salud bonaerense. \u201cSin tener un problema econ\u00f3mico, ten\u00e9s un problema financiero. Es casi imposible comprar en las condiciones actuales, nadie te vende\u201d, precisa Kreplak. \u201cSi nadie te vende y est\u00e1s construyendo una casa, se demora la casa. Pero si ten\u00e9s a una persona internada y nadie te vende, y es una pr\u00f3tesis, las consecuencias son otras\u201d, compara, para que se entienda la dimensi\u00f3n del da\u00f1o humano que est\u00e1n causando las pol\u00edticas econ\u00f3micas del Presidente.<\/p>\n\n\n\n<p>Leer nota completa en: <a rel=\"noreferrer noopener\" href=\"https:\/\/www.elcohetealaluna.com\/amortiguar-el-impacto\/\" target=\"_blank\">https:\/\/www.elcohetealaluna.com\/amortiguar-el-impacto\/<\/a>   <\/p>\n","protected":false},"excerpt":{"rendered":"<p>El ministro bonaerense Nicol\u00e1s Kreplak y la tarea de frenar la anti-pol\u00edtica de salud de Milei. El costo del ox\u00edgeno para hospitales se triplic\u00f3 en el corto lapso del gobierno del Presidente Javier Milei. \u201cSalud [&hellip;]<\/p>\n","protected":false},"author":4,"featured_media":2367,"comment_status":"closed","ping_status":"open","sticky":false,"template":"","format":"standard","meta":{"footnotes":""},"categories":[5],"tags":[42,113,27],"class_list":["post-2365","post","type-post","status-publish","format-standard","has-post-thumbnail","hentry","category-novedades","tag-nicolas-kreplak","tag-pba","tag-salud"],"_links":{"self":[{"href":"https:\/\/campusff.ms.gba.gov.ar\/comunidaddea-ff\/wp-json\/wp\/v2\/posts\/2365","targetHints":{"allow":["GET"]}}],"collection":[{"href":"https:\/\/campusff.ms.gba.gov.ar\/comunidaddea-ff\/wp-json\/wp\/v2\/posts"}],"about":[{"href":"https:\/\/campusff.ms.gba.gov.ar\/comunidaddea-ff\/wp-json\/wp\/v2\/types\/post"}],"author":[{"embeddable":true,"href":"https:\/\/campusff.ms.gba.gov.ar\/comunidaddea-ff\/wp-json\/wp\/v2\/users\/4"}],"replies":[{"embeddable":true,"href":"https:\/\/campusff.ms.gba.gov.ar\/comunidaddea-ff\/wp-json\/wp\/v2\/comments?post=2365"}],"version-history":[{"count":1,"href":"https:\/\/campusff.ms.gba.gov.ar\/comunidaddea-ff\/wp-json\/wp\/v2\/posts\/2365\/revisions"}],"predecessor-version":[{"id":2371,"href":"https:\/\/campusff.ms.gba.gov.ar\/comunidaddea-ff\/wp-json\/wp\/v2\/posts\/2365\/revisions\/2371"}],"wp:featuredmedia":[{"embeddable":true,"href":"https:\/\/campusff.ms.gba.gov.ar\/comunidaddea-ff\/wp-json\/wp\/v2\/media\/2367"}],"wp:attachment":[{"href":"https:\/\/campusff.ms.gba.gov.ar\/comunidaddea-ff\/wp-json\/wp\/v2\/media?parent=2365"}],"wp:term":[{"taxonomy":"category","embeddable":true,"href":"https:\/\/campusff.ms.gba.gov.ar\/comunidaddea-ff\/wp-json\/wp\/v2\/categories?post=2365"},{"taxonomy":"post_tag","embeddable":true,"href":"https:\/\/campusff.ms.gba.gov.ar\/comunidaddea-ff\/wp-json\/wp\/v2\/tags?post=2365"}],"curies":[{"name":"wp","href":"https:\/\/api.w.org\/{rel}","templated":true}]}}