{"id":2362,"date":"2024-01-30T12:20:50","date_gmt":"2024-01-30T15:20:50","guid":{"rendered":"https:\/\/campusff.ms.gba.gov.ar\/comunidaddea-ff\/?p=2362"},"modified":"2024-02-19T11:15:47","modified_gmt":"2024-02-19T14:15:47","slug":"curso-de-verano-2024-gestion-en-crisis-un-desafio-multidimensional","status":"publish","type":"post","link":"https:\/\/campusff.ms.gba.gov.ar\/comunidaddea-ff\/2024\/01\/30\/curso-de-verano-2024-gestion-en-crisis-un-desafio-multidimensional\/","title":{"rendered":"Curso de verano 2024. Gesti\u00f3n en crisis: un desaf\u00edo multidimensional"},"content":{"rendered":"\n<p>Les damos la bienvenida al inicio del a\u00f1o acad\u00e9mico con nuestro cl\u00e1sico&nbsp;Curso de Verano 2024&nbsp;<strong>\u201cGesti\u00f3n<\/strong> <strong>en crisis; un desaf\u00edo multidimensional<\/strong>&#8220;<\/p>\n\n\n\n<p>Frente a la compleja encrucijada social y pol\u00edtica en la que se encuentra el pa\u00eds, desde la Escuela de Gobierno en Salud &#8220;Floreal Ferrara&#8221;, nos proponemos construir un espacio de reflexi\u00f3n y fortalecimiento de los equipos de trabajo, brindando herramientas y competencias situacionales.<\/p>\n\n\n<div class=\"wp-block-image\">\n<figure class=\"aligncenter size-full\"><img loading=\"lazy\" decoding=\"async\" width=\"665\" height=\"662\" src=\"https:\/\/campusff.ms.gba.gov.ar\/comunidaddea-ff\/wp-content\/uploads\/sites\/3\/2024\/01\/curso-de-verano-2024.png\" alt=\"\" class=\"wp-image-2363\" srcset=\"https:\/\/campusff.ms.gba.gov.ar\/comunidaddea-ff\/wp-content\/uploads\/sites\/3\/2024\/01\/curso-de-verano-2024.png 665w, https:\/\/campusff.ms.gba.gov.ar\/comunidaddea-ff\/wp-content\/uploads\/sites\/3\/2024\/01\/curso-de-verano-2024-300x300.png 300w, https:\/\/campusff.ms.gba.gov.ar\/comunidaddea-ff\/wp-content\/uploads\/sites\/3\/2024\/01\/curso-de-verano-2024-150x150.png 150w\" sizes=\"auto, (max-width: 665px) 100vw, 665px\" \/><\/figure><\/div>\n\n\n<p>\ud83d\udcf9<a rel=\"noreferrer noopener\" href=\"https:\/\/youtube.com\/playlist?list=PL0AxVuYo8AjBHwAlf3d6ca68RPHhAtXD6&amp;si=nmXtKCnVIfFg4pnR\" data-type=\"link\" data-id=\"https:\/\/youtube.com\/playlist?list=PL0AxVuYo8AjBHwAlf3d6ca68RPHhAtXD6&amp;si=nmXtKCnVIfFg4pnR\" target=\"_blank\">Mir\u00e1 las clases grabadas del Curso de Verano<\/a><\/p>\n\n\n\n<p>El objetivo del curso es propiciar y elaborar respuestas colectivas, comunitarias e institucionales a los nuevos desaf\u00edos que produce el presente. A continuaci\u00f3n les acercamos el temario del curso:<\/p>\n\n\n\n<figure class=\"wp-block-table is-style-regular\"><table><tbody><tr><td>Clase<\/td><td>Tema<\/td><\/tr><tr><td>7-2<\/td><td>\u00bfDe qu\u00e9 hablamos cuando hablamos de crisis? \u00bfHerramientas de protecci\u00f3n y gesti\u00f3n de crisis?&nbsp;<\/td><\/tr><tr><td>14-2<\/td><td>Crisis socioecon\u00f3micas: Impacto en salud y estrategias comunitarias para transitarla<\/td><\/tr><tr><td>21-2<\/td><td>Crisis ambientales: Cambio clim\u00e1tico y enfermedades vectoriales. Herramientas para la prevenci\u00f3n y mitigaci\u00f3n<\/td><\/tr><tr><td>28-2<\/td><td>Amenazas a la seguridad alimentaria:&nbsp; Poder comer, poder comer sano y poder comer sano y seguro<\/td><\/tr><tr><td>6-3<\/td><td>Impacto diferencial de la crisis en el curso de la vida. ni\u00f1eces y personas mayores<\/td><\/tr><tr><td>13-3<\/td><td>Cuidadan\u00eda: Los cuidados en tiempos de descuido<\/td><\/tr><\/tbody><\/table><\/figure>\n\n\n\n<p>Las clases las desarrollar\u00e1n docentes invitadas\/os\/es a confirmar.<\/p>\n\n\n\n<p>El curso otorga certificaci\u00f3n y se podr\u00e1 seguir a trav\u00e9s del canal de Youtube de la Escuela de Gobierno o de la plataforma Webex. Tambi\u00e9n, esta edici\u00f3n ser\u00e1 transmitida especialmente por <a rel=\"noreferrer noopener\" href=\"https:\/\/campusff.ms.gba.gov.ar\/floreal\/\" data-type=\"link\" data-id=\"https:\/\/campusff.ms.gba.gov.ar\/floreal\/\" target=\"_blank\">&#8220;Radio Floreal&#8221;<\/a> a partir de las 10.30 hs. <\/p>\n\n\n\n<p>Para inscribirse al mismo deber\u00e1 completar el siguiente formulario: <a href=\"https:\/\/forms.gle\/wZr4t5f5xNVRBTdj9\">https:\/\/forms.gle\/wZr4t5f5xNVRBTdj9<\/a><\/p>\n\n\n\n<p>Para m\u00e1s informaci\u00f3n: <a href=\"mailto:cursodeverano2024@gmail.com\">cursodeverano2024.ff@gmail.com<\/a><\/p>\n","protected":false},"excerpt":{"rendered":"<p>Les damos la bienvenida al inicio del a\u00f1o acad\u00e9mico con nuestro cl\u00e1sico&nbsp;Curso de Verano 2024&nbsp;\u201cGesti\u00f3n en crisis; un desaf\u00edo multidimensional&#8220; Frente a la compleja encrucijada social y pol\u00edtica en la que se encuentra el pa\u00eds, [&hellip;]<\/p>\n","protected":false},"author":4,"featured_media":2363,"comment_status":"closed","ping_status":"open","sticky":false,"template":"","format":"standard","meta":{"footnotes":""},"categories":[9,48,5],"tags":[112,111,27],"class_list":["post-2362","post","type-post","status-publish","format-standard","has-post-thumbnail","hentry","category-cursos","category-curso-superior","category-novedades","tag-curso-de-verano-2024","tag-radio-floreal","tag-salud"],"_links":{"self":[{"href":"https:\/\/campusff.ms.gba.gov.ar\/comunidaddea-ff\/wp-json\/wp\/v2\/posts\/2362","targetHints":{"allow":["GET"]}}],"collection":[{"href":"https:\/\/campusff.ms.gba.gov.ar\/comunidaddea-ff\/wp-json\/wp\/v2\/posts"}],"about":[{"href":"https:\/\/campusff.ms.gba.gov.ar\/comunidaddea-ff\/wp-json\/wp\/v2\/types\/post"}],"author":[{"embeddable":true,"href":"https:\/\/campusff.ms.gba.gov.ar\/comunidaddea-ff\/wp-json\/wp\/v2\/users\/4"}],"replies":[{"embeddable":true,"href":"https:\/\/campusff.ms.gba.gov.ar\/comunidaddea-ff\/wp-json\/wp\/v2\/comments?post=2362"}],"version-history":[{"count":19,"href":"https:\/\/campusff.ms.gba.gov.ar\/comunidaddea-ff\/wp-json\/wp\/v2\/posts\/2362\/revisions"}],"predecessor-version":[{"id":2411,"href":"https:\/\/campusff.ms.gba.gov.ar\/comunidaddea-ff\/wp-json\/wp\/v2\/posts\/2362\/revisions\/2411"}],"wp:featuredmedia":[{"embeddable":true,"href":"https:\/\/campusff.ms.gba.gov.ar\/comunidaddea-ff\/wp-json\/wp\/v2\/media\/2363"}],"wp:attachment":[{"href":"https:\/\/campusff.ms.gba.gov.ar\/comunidaddea-ff\/wp-json\/wp\/v2\/media?parent=2362"}],"wp:term":[{"taxonomy":"category","embeddable":true,"href":"https:\/\/campusff.ms.gba.gov.ar\/comunidaddea-ff\/wp-json\/wp\/v2\/categories?post=2362"},{"taxonomy":"post_tag","embeddable":true,"href":"https:\/\/campusff.ms.gba.gov.ar\/comunidaddea-ff\/wp-json\/wp\/v2\/tags?post=2362"}],"curies":[{"name":"wp","href":"https:\/\/api.w.org\/{rel}","templated":true}]}}