{"id":2347,"date":"2024-01-10T08:24:57","date_gmt":"2024-01-10T11:24:57","guid":{"rendered":"https:\/\/campusff.ms.gba.gov.ar\/comunidaddea-ff\/?p=2347"},"modified":"2024-01-31T11:18:49","modified_gmt":"2024-01-31T14:18:49","slug":"pensar-en-dengue-educacion-contingente-y-buenas-practicas","status":"publish","type":"post","link":"https:\/\/campusff.ms.gba.gov.ar\/comunidaddea-ff\/2024\/01\/10\/pensar-en-dengue-educacion-contingente-y-buenas-practicas\/","title":{"rendered":"Pensar en Dengue: educaci\u00f3n contingente y buenas pr\u00e1cticas"},"content":{"rendered":"\n<p>Charla abierta virtual &#8220;Pensar en Dengue: educaci\u00f3n contingente y buenas pr\u00e1cticas. Situaci\u00f3n provincial y nacional de enfermedades transmitidas por vectores&#8221;.<\/p>\n\n\n\n<p>\ud83d\udce2 Jueves 11 de enero &#8211; 12.30 hs<\/p>\n\n\n\n<p>En vivo por el canal de Youtube: Escuela de Gobierno en Salud &#8220;Floreal Ferrara&#8221;<\/p>\n\n\n\n<p><a rel=\"noreferrer noopener\" href=\"https:\/\/www.youtube.com\/@escueladegobiernoensaludfl166\" target=\"_blank\">https:\/\/www.youtube.com\/@escueladegobiernoensaludfl166<\/a>.<\/p>\n\n\n\n<figure class=\"wp-block-image size-large\"><img loading=\"lazy\" decoding=\"async\" width=\"1024\" height=\"1024\" src=\"https:\/\/campusff.ms.gba.gov.ar\/comunidaddea-ff\/wp-content\/uploads\/sites\/3\/2024\/01\/418304168_18015617462032848_7823515961671700015_n-1024x1024.jpg\" alt=\"\" class=\"wp-image-2348\" srcset=\"https:\/\/campusff.ms.gba.gov.ar\/comunidaddea-ff\/wp-content\/uploads\/sites\/3\/2024\/01\/418304168_18015617462032848_7823515961671700015_n-1024x1024.jpg 1024w, https:\/\/campusff.ms.gba.gov.ar\/comunidaddea-ff\/wp-content\/uploads\/sites\/3\/2024\/01\/418304168_18015617462032848_7823515961671700015_n-300x300.jpg 300w, https:\/\/campusff.ms.gba.gov.ar\/comunidaddea-ff\/wp-content\/uploads\/sites\/3\/2024\/01\/418304168_18015617462032848_7823515961671700015_n-150x150.jpg 150w, https:\/\/campusff.ms.gba.gov.ar\/comunidaddea-ff\/wp-content\/uploads\/sites\/3\/2024\/01\/418304168_18015617462032848_7823515961671700015_n-768x768.jpg 768w, https:\/\/campusff.ms.gba.gov.ar\/comunidaddea-ff\/wp-content\/uploads\/sites\/3\/2024\/01\/418304168_18015617462032848_7823515961671700015_n.jpg 1440w\" sizes=\"auto, (max-width: 1024px) 100vw, 1024px\" \/><\/figure>\n\n\n\n<p class=\"has-text-align-center\"><strong>Actualizaci\u00f3n:<\/strong><\/p>\n\n\n\n<figure class=\"wp-block-embed is-type-video is-provider-youtube wp-block-embed-youtube wp-embed-aspect-16-9 wp-has-aspect-ratio\"><div class=\"wp-block-embed__wrapper\">\n<iframe loading=\"lazy\" title=\"Pensar en Dengue: educaci\u00f3n contingente y buenas pr\u00e1cticas\" width=\"660\" height=\"371\" src=\"https:\/\/www.youtube.com\/embed\/-f8_Il0Rd9U?feature=oembed\" frameborder=\"0\" allow=\"accelerometer; autoplay; clipboard-write; encrypted-media; gyroscope; picture-in-picture; web-share\" referrerpolicy=\"strict-origin-when-cross-origin\" allowfullscreen><\/iframe>\n<\/div><\/figure>\n","protected":false},"excerpt":{"rendered":"<p>Charla abierta virtual &#8220;Pensar en Dengue: educaci\u00f3n contingente y buenas pr\u00e1cticas. Situaci\u00f3n provincial y nacional de enfermedades transmitidas por vectores&#8221;. \ud83d\udce2 Jueves 11 de enero &#8211; 12.30 hs En vivo por el canal de Youtube: [&hellip;]<\/p>\n","protected":false},"author":4,"featured_media":2348,"comment_status":"closed","ping_status":"open","sticky":false,"template":"","format":"standard","meta":{"footnotes":""},"categories":[5],"tags":[109,104,110,39],"class_list":["post-2347","post","type-post","status-publish","format-standard","has-post-thumbnail","hentry","category-novedades","tag-charla-abierta","tag-dengue","tag-escuela-de-gobierno","tag-mario-rovere"],"_links":{"self":[{"href":"https:\/\/campusff.ms.gba.gov.ar\/comunidaddea-ff\/wp-json\/wp\/v2\/posts\/2347","targetHints":{"allow":["GET"]}}],"collection":[{"href":"https:\/\/campusff.ms.gba.gov.ar\/comunidaddea-ff\/wp-json\/wp\/v2\/posts"}],"about":[{"href":"https:\/\/campusff.ms.gba.gov.ar\/comunidaddea-ff\/wp-json\/wp\/v2\/types\/post"}],"author":[{"embeddable":true,"href":"https:\/\/campusff.ms.gba.gov.ar\/comunidaddea-ff\/wp-json\/wp\/v2\/users\/4"}],"replies":[{"embeddable":true,"href":"https:\/\/campusff.ms.gba.gov.ar\/comunidaddea-ff\/wp-json\/wp\/v2\/comments?post=2347"}],"version-history":[{"count":3,"href":"https:\/\/campusff.ms.gba.gov.ar\/comunidaddea-ff\/wp-json\/wp\/v2\/posts\/2347\/revisions"}],"predecessor-version":[{"id":2397,"href":"https:\/\/campusff.ms.gba.gov.ar\/comunidaddea-ff\/wp-json\/wp\/v2\/posts\/2347\/revisions\/2397"}],"wp:featuredmedia":[{"embeddable":true,"href":"https:\/\/campusff.ms.gba.gov.ar\/comunidaddea-ff\/wp-json\/wp\/v2\/media\/2348"}],"wp:attachment":[{"href":"https:\/\/campusff.ms.gba.gov.ar\/comunidaddea-ff\/wp-json\/wp\/v2\/media?parent=2347"}],"wp:term":[{"taxonomy":"category","embeddable":true,"href":"https:\/\/campusff.ms.gba.gov.ar\/comunidaddea-ff\/wp-json\/wp\/v2\/categories?post=2347"},{"taxonomy":"post_tag","embeddable":true,"href":"https:\/\/campusff.ms.gba.gov.ar\/comunidaddea-ff\/wp-json\/wp\/v2\/tags?post=2347"}],"curies":[{"name":"wp","href":"https:\/\/api.w.org\/{rel}","templated":true}]}}