{"id":2249,"date":"2023-12-15T09:04:18","date_gmt":"2023-12-15T12:04:18","guid":{"rendered":"https:\/\/campusff.ms.gba.gov.ar\/comunidaddea-ff\/?p=2249"},"modified":"2023-12-15T09:05:25","modified_gmt":"2023-12-15T12:05:25","slug":"becas-de-investigacion-en-salud-publica-julieta-lanteri-2023","status":"publish","type":"post","link":"https:\/\/campusff.ms.gba.gov.ar\/comunidaddea-ff\/2023\/12\/15\/becas-de-investigacion-en-salud-publica-julieta-lanteri-2023\/","title":{"rendered":"Becas de investigaci\u00f3n en salud p\u00fablica \u201cJulieta Lanteri\u201d 2023\/2024"},"content":{"rendered":"\n<figure class=\"wp-block-image size-large\"><img loading=\"lazy\" decoding=\"async\" width=\"1024\" height=\"235\" src=\"https:\/\/campusff.ms.gba.gov.ar\/comunidaddea-ff\/wp-content\/uploads\/sites\/3\/2023\/12\/LANTERI_Becas-Banner-1-1024x235.png\" alt=\"\" class=\"wp-image-2250\" srcset=\"https:\/\/campusff.ms.gba.gov.ar\/comunidaddea-ff\/wp-content\/uploads\/sites\/3\/2023\/12\/LANTERI_Becas-Banner-1-1024x235.png 1024w, https:\/\/campusff.ms.gba.gov.ar\/comunidaddea-ff\/wp-content\/uploads\/sites\/3\/2023\/12\/LANTERI_Becas-Banner-1-300x69.png 300w, https:\/\/campusff.ms.gba.gov.ar\/comunidaddea-ff\/wp-content\/uploads\/sites\/3\/2023\/12\/LANTERI_Becas-Banner-1-768x176.png 768w, https:\/\/campusff.ms.gba.gov.ar\/comunidaddea-ff\/wp-content\/uploads\/sites\/3\/2023\/12\/LANTERI_Becas-Banner-1-1536x352.png 1536w, https:\/\/campusff.ms.gba.gov.ar\/comunidaddea-ff\/wp-content\/uploads\/sites\/3\/2023\/12\/LANTERI_Becas-Banner-1-2048x470.png 2048w\" sizes=\"auto, (max-width: 1024px) 100vw, 1024px\" \/><\/figure>\n\n\n\n<p>La Direcci\u00f3n de Investigaci\u00f3n en Salud y Cooperaci\u00f3n T\u00e9cnica de la Escuela de Gobierno en Salud \u201cFloreal Ferrara\u201d, convoca a investigadoras e investigadores de la provincia de Buenos Aires a la presentaci\u00f3n de proyectos de investigaci\u00f3n en Salud P\u00fablica vinculados a l\u00edneas priorizadas de investigaci\u00f3n.<br>Las Becas \u201cJulieta Lanteri\u201d est\u00e1n dirigidas a equipos de investigaci\u00f3n cuyos profesionales se desempe\u00f1en en hospitales p\u00fablicos, centros de atenci\u00f3n primaria de la salud, universidades e institutos universitarios p\u00fablicos, organizaciones gubernamentales y no gubernamentales.<br>Se propone financiar Estudios Institucionales de M\u00faltiples investigadores (EIMI), entre 3 (tres) y 4 (cuatro) participantes m\u00e1ximo, que pueden pertenecer a una misma instituci\u00f3n de salud o a m\u00e1s de una.<\/p>\n\n\n\n<ul class=\"wp-block-list\">\n<li>La presentaci\u00f3n de los proyectos completos de investigaci\u00f3n (PCI) ser\u00e1 hasta el&nbsp;<strong>2 de mayo de 2023<\/strong>.<\/li>\n\n\n\n<li>Se sugiere enviar los PCI al Comit\u00e9 de \u00c9tica en la semana del 27 al 31 de marzo.<\/li>\n\n\n\n<li>El listado de los proyectos ganadores ser\u00e1 publicado el 7 de julio de 2023.<\/li>\n\n\n\n<li>La fecha l\u00edmite para aceptar la beca y enviar la documentaci\u00f3n ser\u00e1 el 14 de julio de 2023.<\/li>\n<\/ul>\n\n\n\n<p>Los proyectos tendr\u00e1n una duraci\u00f3n de 12 meses: del 14 de julio de 2023 al 14 de julio de 2024. El monto anual propuesto por cada beca (estipendio de cada becario\/a investigador de cada EIMI) es de $960.000.<br>Este programa de becas NO financia investigaciones b\u00e1sicas ni cl\u00ednicas ni desarrollos tecnol\u00f3gicos ni proyectos que no presenten objetivos de generaci\u00f3n de conocimiento cient\u00edfico.<\/p>\n\n\n\n<p>Consultas y contacto:&nbsp;<strong>becaslanteri2023@gmail.com<\/strong><\/p>\n\n\n\n<p><strong>Cronograma Convocatoria de Becas Julieta Lanteri 2023<\/strong><\/p>\n\n\n\n<figure class=\"wp-block-image size-large\"><img loading=\"lazy\" decoding=\"async\" width=\"1024\" height=\"512\" src=\"https:\/\/campusff.ms.gba.gov.ar\/comunidaddea-ff\/wp-content\/uploads\/sites\/3\/2023\/12\/CRONOGRAMA-bjl-2024-ok-1-1024x512.jpg\" alt=\"\" class=\"wp-image-2253\" srcset=\"https:\/\/campusff.ms.gba.gov.ar\/comunidaddea-ff\/wp-content\/uploads\/sites\/3\/2023\/12\/CRONOGRAMA-bjl-2024-ok-1-1024x512.jpg 1024w, https:\/\/campusff.ms.gba.gov.ar\/comunidaddea-ff\/wp-content\/uploads\/sites\/3\/2023\/12\/CRONOGRAMA-bjl-2024-ok-1-300x150.jpg 300w, https:\/\/campusff.ms.gba.gov.ar\/comunidaddea-ff\/wp-content\/uploads\/sites\/3\/2023\/12\/CRONOGRAMA-bjl-2024-ok-1-768x384.jpg 768w, https:\/\/campusff.ms.gba.gov.ar\/comunidaddea-ff\/wp-content\/uploads\/sites\/3\/2023\/12\/CRONOGRAMA-bjl-2024-ok-1.jpg 1250w\" sizes=\"auto, (max-width: 1024px) 100vw, 1024px\" \/><\/figure>\n\n\n\n<p><strong>Proyectos de Investigaci\u00f3n seleccionados<\/strong><\/p>\n\n\n\n<p>Se informar\u00e1 por correo electr\u00f3nico el resultado de la convocatoria a todos\/as los\/as postulantes.<\/p>\n\n\n\n<p>Para aceptar y recibir la beca formalmente, es preciso que se complete el proceso administrativo correspondiente. Se debe enviar la siguiente documentaci\u00f3n de todo el equipo de investigaci\u00f3n:<\/p>\n\n\n\n<p>\u2013 DDJJ por cada becario, con firma hologr\u00e1fica, es decir de pu\u00f1o y letra.<\/p>\n\n\n\n<p>\u2013 Matr\u00edcula o certificado de \u00e9tica para las profesiones que est\u00e9n colegiadas.<\/p>\n\n\n\n<p>\u2013 Certificaci\u00f3n de aptitud f\u00edsica expedida por organismo oficial.<\/p>\n\n\n\n<p>Fecha l\u00edmite para enviar toda la documentaci\u00f3n:&nbsp;<strong>14\/7<\/strong><\/p>\n\n\n\n<p><strong>La sola publicaci\u00f3n de resultados no es condici\u00f3n de aceptaci\u00f3n de beca<\/strong><\/p>\n\n\n\n<p><a href=\"https:\/\/campusff.ms.gba.gov.ar\/comunidaddea-ff\/wp-content\/uploads\/sites\/3\/2023\/12\/PCI-SELECCIONADOS.pdf\" data-type=\"link\" data-id=\"https:\/\/campusff.ms.gba.gov.ar\/comunidaddea-ff\/wp-content\/uploads\/sites\/3\/2023\/12\/PCI-SELECCIONADOS.pdf\">PCI &#8211; Seleccionados<\/a><\/p>\n\n\n\n<p><a href=\"https:\/\/www.ms.gba.gov.ar\/sitios\/investigacion\/becas-de-investigacion-en-salud-publica-julieta-lanteri\/\" data-type=\"link\" data-id=\"https:\/\/www.ms.gba.gov.ar\/sitios\/investigacion\/becas-de-investigacion-en-salud-publica-julieta-lanteri\/\">Para m\u00e1s informaci\u00f3n<\/a><\/p>\n","protected":false},"excerpt":{"rendered":"<p>La Direcci\u00f3n de Investigaci\u00f3n en Salud y Cooperaci\u00f3n T\u00e9cnica de la Escuela de Gobierno en Salud \u201cFloreal Ferrara\u201d, convoca a investigadoras e investigadores de la provincia de Buenos Aires a la presentaci\u00f3n de proyectos de [&hellip;]<\/p>\n","protected":false},"author":4,"featured_media":2251,"comment_status":"closed","ping_status":"open","sticky":false,"template":"","format":"standard","meta":{"footnotes":""},"categories":[53],"tags":[93,94,90],"class_list":["post-2249","post","type-post","status-publish","format-standard","has-post-thumbnail","hentry","category-cooperacion-tecnica","tag-becas-lanteri","tag-julieta-lanteri","tag-salud-publica"],"_links":{"self":[{"href":"https:\/\/campusff.ms.gba.gov.ar\/comunidaddea-ff\/wp-json\/wp\/v2\/posts\/2249","targetHints":{"allow":["GET"]}}],"collection":[{"href":"https:\/\/campusff.ms.gba.gov.ar\/comunidaddea-ff\/wp-json\/wp\/v2\/posts"}],"about":[{"href":"https:\/\/campusff.ms.gba.gov.ar\/comunidaddea-ff\/wp-json\/wp\/v2\/types\/post"}],"author":[{"embeddable":true,"href":"https:\/\/campusff.ms.gba.gov.ar\/comunidaddea-ff\/wp-json\/wp\/v2\/users\/4"}],"replies":[{"embeddable":true,"href":"https:\/\/campusff.ms.gba.gov.ar\/comunidaddea-ff\/wp-json\/wp\/v2\/comments?post=2249"}],"version-history":[{"count":2,"href":"https:\/\/campusff.ms.gba.gov.ar\/comunidaddea-ff\/wp-json\/wp\/v2\/posts\/2249\/revisions"}],"predecessor-version":[{"id":2258,"href":"https:\/\/campusff.ms.gba.gov.ar\/comunidaddea-ff\/wp-json\/wp\/v2\/posts\/2249\/revisions\/2258"}],"wp:featuredmedia":[{"embeddable":true,"href":"https:\/\/campusff.ms.gba.gov.ar\/comunidaddea-ff\/wp-json\/wp\/v2\/media\/2251"}],"wp:attachment":[{"href":"https:\/\/campusff.ms.gba.gov.ar\/comunidaddea-ff\/wp-json\/wp\/v2\/media?parent=2249"}],"wp:term":[{"taxonomy":"category","embeddable":true,"href":"https:\/\/campusff.ms.gba.gov.ar\/comunidaddea-ff\/wp-json\/wp\/v2\/categories?post=2249"},{"taxonomy":"post_tag","embeddable":true,"href":"https:\/\/campusff.ms.gba.gov.ar\/comunidaddea-ff\/wp-json\/wp\/v2\/tags?post=2249"}],"curies":[{"name":"wp","href":"https:\/\/api.w.org\/{rel}","templated":true}]}}