{"id":2241,"date":"2023-12-06T11:29:01","date_gmt":"2023-12-06T14:29:01","guid":{"rendered":"https:\/\/campusff.ms.gba.gov.ar\/comunidaddea-ff\/?p=2241"},"modified":"2023-12-06T11:41:24","modified_gmt":"2023-12-06T14:41:24","slug":"mario-rovere-en-por-que-salud-prosecretaria-de-salud-unlp","status":"publish","type":"post","link":"https:\/\/campusff.ms.gba.gov.ar\/comunidaddea-ff\/2023\/12\/06\/mario-rovere-en-por-que-salud-prosecretaria-de-salud-unlp\/","title":{"rendered":"Mario Rovere en \u00bfPOR QU\u00c9 SALUD? &#8211; Prosecretaria de Salud &#8211; UNLP"},"content":{"rendered":"\n<p><strong>Mario Rovere en \u00bfPOR QU\u00c9 SALUD? &#8211; Prosecretaria de Salud &#8211; UNLP<\/strong><\/p>\n\n\n\n<p>Manuel Fonseca conduce este ciclo de entrevistas para conocer de primera mano el sistema de salud que tenemos y abrir el debate hacia el que queremos. Un recorrido por diversos territorios del campo sanitario en la voz de sus propios protagonistas. Una producci\u00f3n impulsada por la Prosecretaria de Salud de la Universidad Nacional de La Plata en colaboraci\u00f3n con Radio Universidad. <\/p>\n\n\n\n<p>En esta oportunidad convers\u00f3 con Mario Rovere, m\u00e9dico pediatra. Fue viceministro de Salud de la Naci\u00f3n, desarroll\u00f3 la carrera de Medicina en la Universidad Nacional de La Matanza, y hoy dirige la Escuela de Gobierno en Salud \u201cFloreal Ferrara\u201d, un espacio educativo dependiente del Ministerio de Salud bonaerense. Entender a la pr\u00e1ctica m\u00e9dica como una profesi\u00f3n que adem\u00e1s de &#8220;saber curar&#8221;, necesita darle m\u00e1s importancia al &#8220;saber comunicar&#8221;, lo llev\u00f3 a hacer un trabajo reflexivo en torno a la educaci\u00f3n del m\u00e9dico, as\u00ed como tambi\u00e9n a reflexionar sobre las distintas variables que influyen en la realidad laboral de los trabajadores de la salud.<\/p>\n\n\n\n<figure class=\"wp-block-embed is-type-video is-provider-youtube wp-block-embed-youtube wp-embed-aspect-16-9 wp-has-aspect-ratio\"><div class=\"wp-block-embed__wrapper\">\n<iframe loading=\"lazy\" title=\"\u00bfPOR QU\u00c9 SALUD? Cap\u00edtulo 9: Mario Rovere\" width=\"660\" height=\"371\" src=\"https:\/\/www.youtube.com\/embed\/Nic_LmAvbPo?feature=oembed\" frameborder=\"0\" allow=\"accelerometer; autoplay; clipboard-write; encrypted-media; gyroscope; picture-in-picture; web-share\" referrerpolicy=\"strict-origin-when-cross-origin\" allowfullscreen><\/iframe>\n<\/div><\/figure>\n\n\n\n<p><\/p>\n\n\n\n<p><strong>Informaci\u00f3n de \u00bfPor qu\u00e9 salud?<\/strong><\/p>\n\n\n\n<p>Un ciclo de entrevistas para conocer de primera mano el sistema de salud que tenemos y abrir el debate hacia el que queremos. Una producci\u00f3n impulsada por la Prosecretar\u00eda de Salud y la Radio de la Universidad Nacional de La Plata.<br>\u00bfC\u00f3mo est\u00e1 organizado y cu\u00e1les son las principales caracter\u00edsticas del sistema de salud? \u00bfCu\u00e1les son los distintos lugares y formas en las que puede desempe\u00f1arse un trabajador de la salud? \u00bfCu\u00e1les los principales problemas que tendr\u00e1 que resolver? \u00bfQu\u00e9 puede hacer la universidad -y los dem\u00e1s sectores del campo- para colaborar en estos temas?<\/p>\n\n\n\n<p><a href=\"https:\/\/youtube.com\/playlist?list=PLvt3hv5ARJdLTYLUophRO7Ss1N4z056Cx&amp;si=rqnd7KYhJ1iukfzd\" data-type=\"link\" data-id=\"https:\/\/youtube.com\/playlist?list=PLvt3hv5ARJdLTYLUophRO7Ss1N4z056Cx&amp;si=rqnd7KYhJ1iukfzd\">Compartimos m\u00e1s cap\u00edtulos de \u00bfPor qu\u00e9 salud?<\/a><\/p>\n","protected":false},"excerpt":{"rendered":"<p>Mario Rovere en \u00bfPOR QU\u00c9 SALUD? &#8211; Prosecretaria de Salud &#8211; UNLP Manuel Fonseca conduce este ciclo de entrevistas para conocer de primera mano el sistema de salud que tenemos y abrir el debate hacia [&hellip;]<\/p>\n","protected":false},"author":4,"featured_media":2243,"comment_status":"closed","ping_status":"open","sticky":false,"template":"","format":"standard","meta":{"footnotes":""},"categories":[5],"tags":[28,39,27],"class_list":["post-2241","post","type-post","status-publish","format-standard","has-post-thumbnail","hentry","category-novedades","tag-educacion","tag-mario-rovere","tag-salud"],"_links":{"self":[{"href":"https:\/\/campusff.ms.gba.gov.ar\/comunidaddea-ff\/wp-json\/wp\/v2\/posts\/2241","targetHints":{"allow":["GET"]}}],"collection":[{"href":"https:\/\/campusff.ms.gba.gov.ar\/comunidaddea-ff\/wp-json\/wp\/v2\/posts"}],"about":[{"href":"https:\/\/campusff.ms.gba.gov.ar\/comunidaddea-ff\/wp-json\/wp\/v2\/types\/post"}],"author":[{"embeddable":true,"href":"https:\/\/campusff.ms.gba.gov.ar\/comunidaddea-ff\/wp-json\/wp\/v2\/users\/4"}],"replies":[{"embeddable":true,"href":"https:\/\/campusff.ms.gba.gov.ar\/comunidaddea-ff\/wp-json\/wp\/v2\/comments?post=2241"}],"version-history":[{"count":3,"href":"https:\/\/campusff.ms.gba.gov.ar\/comunidaddea-ff\/wp-json\/wp\/v2\/posts\/2241\/revisions"}],"predecessor-version":[{"id":2247,"href":"https:\/\/campusff.ms.gba.gov.ar\/comunidaddea-ff\/wp-json\/wp\/v2\/posts\/2241\/revisions\/2247"}],"wp:featuredmedia":[{"embeddable":true,"href":"https:\/\/campusff.ms.gba.gov.ar\/comunidaddea-ff\/wp-json\/wp\/v2\/media\/2243"}],"wp:attachment":[{"href":"https:\/\/campusff.ms.gba.gov.ar\/comunidaddea-ff\/wp-json\/wp\/v2\/media?parent=2241"}],"wp:term":[{"taxonomy":"category","embeddable":true,"href":"https:\/\/campusff.ms.gba.gov.ar\/comunidaddea-ff\/wp-json\/wp\/v2\/categories?post=2241"},{"taxonomy":"post_tag","embeddable":true,"href":"https:\/\/campusff.ms.gba.gov.ar\/comunidaddea-ff\/wp-json\/wp\/v2\/tags?post=2241"}],"curies":[{"name":"wp","href":"https:\/\/api.w.org\/{rel}","templated":true}]}}