{"id":2229,"date":"2023-11-27T14:32:29","date_gmt":"2023-11-27T17:32:29","guid":{"rendered":"https:\/\/campusff.ms.gba.gov.ar\/comunidaddea-ff\/?p=2229"},"modified":"2023-11-27T14:36:37","modified_gmt":"2023-11-27T17:36:37","slug":"semana-del-vih-2023","status":"publish","type":"post","link":"https:\/\/campusff.ms.gba.gov.ar\/comunidaddea-ff\/2023\/11\/27\/semana-del-vih-2023\/","title":{"rendered":"Semana del VIH 2023\u00a0"},"content":{"rendered":"\n<p>Bajo la premisa de <strong>\u201cUn presente con acciones, estrategias y respuestas integrales al VIH\u201d<\/strong>, la cartera sanitaria bonaerense celebra el D\u00eda Mundial de Respuesta al VIH.<\/p>\n\n\n<div class=\"wp-block-image\">\n<figure class=\"aligncenter size-large\"><img loading=\"lazy\" decoding=\"async\" width=\"1024\" height=\"1024\" src=\"https:\/\/campusff.ms.gba.gov.ar\/comunidaddea-ff\/wp-content\/uploads\/sites\/3\/2023\/11\/405704206_18010729997032848_5911810394248633001_n-1024x1024.jpg\" alt=\"\" class=\"wp-image-2230\" srcset=\"https:\/\/campusff.ms.gba.gov.ar\/comunidaddea-ff\/wp-content\/uploads\/sites\/3\/2023\/11\/405704206_18010729997032848_5911810394248633001_n-1024x1024.jpg 1024w, https:\/\/campusff.ms.gba.gov.ar\/comunidaddea-ff\/wp-content\/uploads\/sites\/3\/2023\/11\/405704206_18010729997032848_5911810394248633001_n-300x300.jpg 300w, https:\/\/campusff.ms.gba.gov.ar\/comunidaddea-ff\/wp-content\/uploads\/sites\/3\/2023\/11\/405704206_18010729997032848_5911810394248633001_n-150x150.jpg 150w, https:\/\/campusff.ms.gba.gov.ar\/comunidaddea-ff\/wp-content\/uploads\/sites\/3\/2023\/11\/405704206_18010729997032848_5911810394248633001_n-768x768.jpg 768w, https:\/\/campusff.ms.gba.gov.ar\/comunidaddea-ff\/wp-content\/uploads\/sites\/3\/2023\/11\/405704206_18010729997032848_5911810394248633001_n.jpg 1440w\" sizes=\"auto, (max-width: 1024px) 100vw, 1024px\" \/><\/figure><\/div>\n\n\n<p>El testeo se hace mediante una punci\u00f3n en el dedo y el resultado est\u00e1 en 15\u00b4<\/p>\n\n\n\n<p>Adem\u00e1s de los testeos, desde el martes hasta el jueves a las 11, se llevar\u00e1 a cabo un Ciclo de Conversatorios virtuales con profesionales y referentes, quienes informar\u00e1n sobre novedades en los tratamientos, experiencias en gestaci\u00f3n y maternidad; y pr\u00e1cticas sexuales. Se podr\u00e1 acceder mediante el canal de YouTube de la Escuela de Gobierno en Salud &#8220;Floreal Ferrara&#8221;.<\/p>\n\n\n\n<p>Los testeos que se realizar\u00e1n este viernes ser\u00e1n gratuitos, voluntarios y confidenciales, al igual que los que se realizan durante todo el a\u00f1o en los Centros de Testeos Provinciales. Para acceder a la prueba no es requisito presentar documento de identidad u orden m\u00e9dica. Adem\u00e1s, se pueden solicitar desde los 13 a\u00f1os sin la compa\u00f1\u00eda de un adulto.&nbsp; Los testeos r\u00e1pidos se realizan mediante una punci\u00f3n en el dedo y sus resultados est\u00e1n en 15 minutos.<\/p>\n\n\n\n<p>Debemos tener en cuenta que todas las personas sexualmente activas se encuentran expuestas al VIH y otras ITS por lo que resulta fundamental que realicemos los controles m\u00e9dicos y los an\u00e1lisis, mantener el calendario de vacunaci\u00f3n al d\u00eda y concurrir al centro de salud frente a signos que aparezcan en nuestro cuerpo.<\/p>\n\n\n\n<p>El tratamiento de la infecci\u00f3n por el VIH se llama tratamiento antirretroviral (TARV) y constituye una medida que mejora significativamente la calidad de vida de las personas que viven con VIH, reduce la morbimortalidad asociada y limita la posibilidad de transmisi\u00f3n y convirtiendo a esta en una enfermedad cr\u00f3nica.<\/p>\n\n\n\n<p>El TARV es una combinaci\u00f3n de medicamentos que se debe tomar a diario. A todas las personas que viven con VIH se les recomienda el TARV. Es fundamental que toda persona sea acompa\u00f1ada por el sistema de salud en sus expectativas, dudas, representaciones y temores particulares frente al inicio y durante todo el tratamiento del VIH, ya que la constancia en el mismo es la clave de su \u00e9xito.<\/p>\n\n\n\n<p class=\"has-cyan-bluish-gray-background-color has-background\"><strong>Cronograma del Ciclo de Conversatorios Virtuales:<\/strong><\/p>\n\n\n\n<p>\u2022&nbsp;&nbsp;&nbsp;&nbsp;&nbsp;&nbsp;&nbsp;&nbsp;&nbsp;&nbsp;&nbsp;&nbsp; Martes 28 de noviembre, 11 horas. Disertante Dr. Pedro Cahn. \u201cNovedades en el tratamiento para VIH. Tratamientos de acci\u00f3n prolongada y nuevas terapias\u201d.<\/p>\n\n\n\n<p>\u2022&nbsp;&nbsp;&nbsp;&nbsp;&nbsp;&nbsp;&nbsp;&nbsp;&nbsp;&nbsp;&nbsp;&nbsp; Mi\u00e9rcoles&nbsp; 29 de noviembre, 11 horas. Disertante&nbsp; Mariana Iacono. \u201cExperiencias en gesta, lactancia y VIH\u201d.<\/p>\n\n\n\n<p>\u2022&nbsp;&nbsp;&nbsp;&nbsp;&nbsp;&nbsp;&nbsp;&nbsp;&nbsp;&nbsp;&nbsp;&nbsp; Jueves 30 de noviembre 15 horas. Disertante Ariel Paraj\u00f3n. \u201cPr\u00e1cticas sexuales, consumo de sustancias y salud mental: di\u00e1logos para el ejercicio libre de las sexualidades\u201d.<\/p>\n\n\n\n<p class=\"has-cyan-bluish-gray-background-color has-background\"><strong>Puntos de testeos r\u00e1pidos y jornadas de vacunaci\u00f3n y promoci\u00f3n:<\/strong><\/p>\n\n\n\n<p><strong>La Plata:<\/strong><\/p>\n\n\n\n<p>\u2022&nbsp;&nbsp;&nbsp;&nbsp;&nbsp;&nbsp;&nbsp;&nbsp;&nbsp;&nbsp;&nbsp;&nbsp; Pza. San Mart\u00edn, 6 entre 50 y 54, La Plata.<\/p>\n\n\n\n<p><strong>Bah\u00eda Blanca:<\/strong><\/p>\n\n\n\n<p>\u2022&nbsp;&nbsp;&nbsp;&nbsp;&nbsp;&nbsp;&nbsp;&nbsp;&nbsp;&nbsp;&nbsp;&nbsp; Plaza Rivadavia, calle Alsina 0 (frente al Palacio Municipal) De 9 a 13 hs.<\/p>\n\n\n\n<p>\u2022&nbsp;&nbsp;&nbsp;&nbsp;&nbsp;&nbsp;&nbsp;&nbsp;&nbsp;&nbsp;&nbsp;&nbsp; Comedor de la Universidad Nacional del Sur (UNS), Alem y San Juan, Bah\u00eda Blanca. De 9 a 13 hs.<\/p>\n\n\n\n<p><strong>General San Mart\u00edn:<\/strong><\/p>\n\n\n\n<p>\u2022&nbsp;&nbsp;&nbsp;&nbsp;&nbsp;&nbsp;&nbsp;&nbsp;&nbsp;&nbsp;&nbsp;&nbsp; Plaza San Mart\u00edn, Belgrano 3861. De 10 a 15 hs.<\/p>\n\n\n\n<p><strong>Quilmes:<\/strong><\/p>\n\n\n\n<p>\u2022&nbsp;&nbsp;&nbsp;&nbsp;&nbsp;&nbsp;&nbsp;&nbsp;&nbsp;&nbsp;&nbsp;&nbsp; Plaza Hip\u00f3lito Yrigoyen, Yrigoyen y Alsina. De 10 a 13hs.<\/p>\n\n\n\n<p><strong>Moreno:<\/strong><\/p>\n\n\n\n<p>\u2022&nbsp;&nbsp;&nbsp;&nbsp;&nbsp;&nbsp;&nbsp;&nbsp;&nbsp;&nbsp;&nbsp;&nbsp; Plaza Mariano Moreno, 2699. De 10 a 14 hs.<\/p>\n\n\n\n<p><strong>Gonz\u00e1lez Cat\u00e1n:<\/strong><\/p>\n\n\n\n<p>\u2022\u00a0\u00a0\u00a0Plaza Cat\u00e1n, Av. Jos\u00e9 Equiza 4200. De 9 a 15 hs.<\/p>\n\n\n\n<p><\/p>\n\n\n\n<p><img loading=\"lazy\" decoding=\"async\" height=\"16\" width=\"16\" src=\"https:\/\/static.xx.fbcdn.net\/images\/emoji.php\/v9\/tb3\/1\/16\/1f517.png\" alt=\"\ud83d\udd17\">&nbsp;Encontr\u00e1 toda la informaci\u00f3n en la web:&nbsp;<a rel=\"noreferrer noopener\" href=\"https:\/\/www.ms.gba.gov.ar\/sitios\/hiv\/\" target=\"_blank\">https:\/\/www.ms.gba.gov.ar\/sitios\/hiv\/<\/a>.<\/p>\n\n\n\n<p><\/p>\n","protected":false},"excerpt":{"rendered":"<p>Bajo la premisa de \u201cUn presente con acciones, estrategias y respuestas integrales al VIH\u201d, la cartera sanitaria bonaerense celebra el D\u00eda Mundial de Respuesta al VIH. El testeo se hace mediante una punci\u00f3n en el [&hellip;]<\/p>\n","protected":false},"author":4,"featured_media":2230,"comment_status":"closed","ping_status":"open","sticky":false,"template":"","format":"standard","meta":{"footnotes":""},"categories":[5],"tags":[27,91,18],"class_list":["post-2229","post","type-post","status-publish","format-standard","has-post-thumbnail","hentry","category-novedades","tag-salud","tag-semana-del-vih","tag-vih"],"_links":{"self":[{"href":"https:\/\/campusff.ms.gba.gov.ar\/comunidaddea-ff\/wp-json\/wp\/v2\/posts\/2229","targetHints":{"allow":["GET"]}}],"collection":[{"href":"https:\/\/campusff.ms.gba.gov.ar\/comunidaddea-ff\/wp-json\/wp\/v2\/posts"}],"about":[{"href":"https:\/\/campusff.ms.gba.gov.ar\/comunidaddea-ff\/wp-json\/wp\/v2\/types\/post"}],"author":[{"embeddable":true,"href":"https:\/\/campusff.ms.gba.gov.ar\/comunidaddea-ff\/wp-json\/wp\/v2\/users\/4"}],"replies":[{"embeddable":true,"href":"https:\/\/campusff.ms.gba.gov.ar\/comunidaddea-ff\/wp-json\/wp\/v2\/comments?post=2229"}],"version-history":[{"count":2,"href":"https:\/\/campusff.ms.gba.gov.ar\/comunidaddea-ff\/wp-json\/wp\/v2\/posts\/2229\/revisions"}],"predecessor-version":[{"id":2233,"href":"https:\/\/campusff.ms.gba.gov.ar\/comunidaddea-ff\/wp-json\/wp\/v2\/posts\/2229\/revisions\/2233"}],"wp:featuredmedia":[{"embeddable":true,"href":"https:\/\/campusff.ms.gba.gov.ar\/comunidaddea-ff\/wp-json\/wp\/v2\/media\/2230"}],"wp:attachment":[{"href":"https:\/\/campusff.ms.gba.gov.ar\/comunidaddea-ff\/wp-json\/wp\/v2\/media?parent=2229"}],"wp:term":[{"taxonomy":"category","embeddable":true,"href":"https:\/\/campusff.ms.gba.gov.ar\/comunidaddea-ff\/wp-json\/wp\/v2\/categories?post=2229"},{"taxonomy":"post_tag","embeddable":true,"href":"https:\/\/campusff.ms.gba.gov.ar\/comunidaddea-ff\/wp-json\/wp\/v2\/tags?post=2229"}],"curies":[{"name":"wp","href":"https:\/\/api.w.org\/{rel}","templated":true}]}}