{"id":2221,"date":"2023-11-23T10:49:00","date_gmt":"2023-11-23T13:49:00","guid":{"rendered":"https:\/\/campusff.ms.gba.gov.ar\/comunidaddea-ff\/?p=2221"},"modified":"2023-11-29T23:41:30","modified_gmt":"2023-11-30T02:41:30","slug":"salud-publica-revista-del-ministerio-de-salud-de-la-provincia-de-buenos-aires","status":"publish","type":"post","link":"https:\/\/campusff.ms.gba.gov.ar\/comunidaddea-ff\/2023\/11\/23\/salud-publica-revista-del-ministerio-de-salud-de-la-provincia-de-buenos-aires\/","title":{"rendered":"Salud Publica &#8211; Revista del Ministerio de Salud de la Provincia de Buenos Aires"},"content":{"rendered":"\n<p><strong>Salud Publica &#8211; Revista del Ministerio de Salud de la Provincia de Buenos Aires<\/strong><\/p>\n\n\n\n<p>&#8220;Salud publica&#8221; nace de la necesidad de ampliar los canales de comunicaci\u00f3n cient\u00edfica que la pandemia gener\u00f3, aprovechando los aprendizajes y profundizando la divulgaci\u00f3n y el intercambio. Se procura as\u00ed colaborar con diversas disciplinas y superar las fronteras del conocimiento para potenciar las sinergias en la perspectiva de la investigaci\u00f3n traslacional en salud. Queremos ofrecer un espacio donde estas producciones encuentren su voz.<\/p>\n\n\n<div class=\"wp-block-image\">\n<figure class=\"aligncenter size-full\"><img loading=\"lazy\" decoding=\"async\" width=\"811\" height=\"305\" src=\"https:\/\/campusff.ms.gba.gov.ar\/comunidaddea-ff\/wp-content\/uploads\/sites\/3\/2023\/11\/pageHeaderLogoImage_es-1.png\" alt=\"\" class=\"wp-image-2224\" srcset=\"https:\/\/campusff.ms.gba.gov.ar\/comunidaddea-ff\/wp-content\/uploads\/sites\/3\/2023\/11\/pageHeaderLogoImage_es-1.png 811w, https:\/\/campusff.ms.gba.gov.ar\/comunidaddea-ff\/wp-content\/uploads\/sites\/3\/2023\/11\/pageHeaderLogoImage_es-1-300x113.png 300w, https:\/\/campusff.ms.gba.gov.ar\/comunidaddea-ff\/wp-content\/uploads\/sites\/3\/2023\/11\/pageHeaderLogoImage_es-1-768x289.png 768w\" sizes=\"auto, (max-width: 811px) 100vw, 811px\" \/><\/figure><\/div>\n\n\n<p><strong><a href=\"https:\/\/saludpublica.ms.gba.gov.ar\/index.php\/revista\" data-type=\"link\" data-id=\"https:\/\/saludpublica.ms.gba.gov.ar\/index.php\/revista\" target=\"_blank\" rel=\"noreferrer noopener\">M\u00e1s informaci\u00f3n<\/a><\/strong><\/p>\n","protected":false},"excerpt":{"rendered":"<p>Salud Publica &#8211; Revista del Ministerio de Salud de la Provincia de Buenos Aires &#8220;Salud publica&#8221; nace de la necesidad de ampliar los canales de comunicaci\u00f3n cient\u00edfica que la pandemia gener\u00f3, aprovechando los aprendizajes y [&hellip;]<\/p>\n","protected":false},"author":4,"featured_media":2223,"comment_status":"closed","ping_status":"open","sticky":false,"template":"","format":"standard","meta":{"footnotes":""},"categories":[5],"tags":[89,90],"class_list":["post-2221","post","type-post","status-publish","format-standard","has-post-thumbnail","hentry","category-novedades","tag-revista","tag-salud-publica"],"_links":{"self":[{"href":"https:\/\/campusff.ms.gba.gov.ar\/comunidaddea-ff\/wp-json\/wp\/v2\/posts\/2221","targetHints":{"allow":["GET"]}}],"collection":[{"href":"https:\/\/campusff.ms.gba.gov.ar\/comunidaddea-ff\/wp-json\/wp\/v2\/posts"}],"about":[{"href":"https:\/\/campusff.ms.gba.gov.ar\/comunidaddea-ff\/wp-json\/wp\/v2\/types\/post"}],"author":[{"embeddable":true,"href":"https:\/\/campusff.ms.gba.gov.ar\/comunidaddea-ff\/wp-json\/wp\/v2\/users\/4"}],"replies":[{"embeddable":true,"href":"https:\/\/campusff.ms.gba.gov.ar\/comunidaddea-ff\/wp-json\/wp\/v2\/comments?post=2221"}],"version-history":[{"count":3,"href":"https:\/\/campusff.ms.gba.gov.ar\/comunidaddea-ff\/wp-json\/wp\/v2\/posts\/2221\/revisions"}],"predecessor-version":[{"id":2236,"href":"https:\/\/campusff.ms.gba.gov.ar\/comunidaddea-ff\/wp-json\/wp\/v2\/posts\/2221\/revisions\/2236"}],"wp:featuredmedia":[{"embeddable":true,"href":"https:\/\/campusff.ms.gba.gov.ar\/comunidaddea-ff\/wp-json\/wp\/v2\/media\/2223"}],"wp:attachment":[{"href":"https:\/\/campusff.ms.gba.gov.ar\/comunidaddea-ff\/wp-json\/wp\/v2\/media?parent=2221"}],"wp:term":[{"taxonomy":"category","embeddable":true,"href":"https:\/\/campusff.ms.gba.gov.ar\/comunidaddea-ff\/wp-json\/wp\/v2\/categories?post=2221"},{"taxonomy":"post_tag","embeddable":true,"href":"https:\/\/campusff.ms.gba.gov.ar\/comunidaddea-ff\/wp-json\/wp\/v2\/tags?post=2221"}],"curies":[{"name":"wp","href":"https:\/\/api.w.org\/{rel}","templated":true}]}}