{"id":2211,"date":"2023-11-17T12:06:26","date_gmt":"2023-11-17T15:06:26","guid":{"rendered":"https:\/\/campusff.ms.gba.gov.ar\/comunidaddea-ff\/?p=2211"},"modified":"2023-11-17T12:06:26","modified_gmt":"2023-11-17T15:06:26","slug":"gestion-academica","status":"publish","type":"post","link":"https:\/\/campusff.ms.gba.gov.ar\/comunidaddea-ff\/2023\/11\/17\/gestion-academica\/","title":{"rendered":"Gesti\u00f3n Acad\u00e9mica"},"content":{"rendered":"\n<p>Propone la articulaci\u00f3n en red de \u00e1reas estructurales con Programas de la Escuela, del Ministerio y de otras Instituciones, para generar e instrumentar las propuestas de formaci\u00f3n, educaci\u00f3n permanente, cooperaci\u00f3n t\u00e9cnica e investigaci\u00f3n de toda la Provincia de Buenos Aires. Las \u00e1reas que forman parte de ella son Alumnado, la Unidad de Informaci\u00f3n Sistematizada, Unidad Secretar\u00eda Acad\u00e9mica, Regencia, Plataforma Educativa Virtual (PEV), Espacio Virtual de Aprendizaje (EVA) y Unidad Pedag\u00f3gica.<\/p>\n\n\n\n<p><strong>Contacto: <\/strong>gestionacademicaff@gmail.com<\/p>\n","protected":false},"excerpt":{"rendered":"<p>Propone la articulaci\u00f3n en red de \u00e1reas estructurales con Programas de la Escuela, del Ministerio y de otras Instituciones, para generar e instrumentar las propuestas de formaci\u00f3n, educaci\u00f3n permanente, cooperaci\u00f3n t\u00e9cnica e investigaci\u00f3n de toda [&hellip;]<\/p>\n","protected":false},"author":4,"featured_media":0,"comment_status":"closed","ping_status":"open","sticky":false,"template":"","format":"standard","meta":{"footnotes":""},"categories":[50],"tags":[81,78,80,79],"class_list":["post-2211","post","type-post","status-publish","format-standard","hentry","category-gestion-academica","tag-academica","tag-eva","tag-gestion","tag-pev"],"_links":{"self":[{"href":"https:\/\/campusff.ms.gba.gov.ar\/comunidaddea-ff\/wp-json\/wp\/v2\/posts\/2211","targetHints":{"allow":["GET"]}}],"collection":[{"href":"https:\/\/campusff.ms.gba.gov.ar\/comunidaddea-ff\/wp-json\/wp\/v2\/posts"}],"about":[{"href":"https:\/\/campusff.ms.gba.gov.ar\/comunidaddea-ff\/wp-json\/wp\/v2\/types\/post"}],"author":[{"embeddable":true,"href":"https:\/\/campusff.ms.gba.gov.ar\/comunidaddea-ff\/wp-json\/wp\/v2\/users\/4"}],"replies":[{"embeddable":true,"href":"https:\/\/campusff.ms.gba.gov.ar\/comunidaddea-ff\/wp-json\/wp\/v2\/comments?post=2211"}],"version-history":[{"count":1,"href":"https:\/\/campusff.ms.gba.gov.ar\/comunidaddea-ff\/wp-json\/wp\/v2\/posts\/2211\/revisions"}],"predecessor-version":[{"id":2212,"href":"https:\/\/campusff.ms.gba.gov.ar\/comunidaddea-ff\/wp-json\/wp\/v2\/posts\/2211\/revisions\/2212"}],"wp:attachment":[{"href":"https:\/\/campusff.ms.gba.gov.ar\/comunidaddea-ff\/wp-json\/wp\/v2\/media?parent=2211"}],"wp:term":[{"taxonomy":"category","embeddable":true,"href":"https:\/\/campusff.ms.gba.gov.ar\/comunidaddea-ff\/wp-json\/wp\/v2\/categories?post=2211"},{"taxonomy":"post_tag","embeddable":true,"href":"https:\/\/campusff.ms.gba.gov.ar\/comunidaddea-ff\/wp-json\/wp\/v2\/tags?post=2211"}],"curies":[{"name":"wp","href":"https:\/\/api.w.org\/{rel}","templated":true}]}}