{"id":2209,"date":"2023-11-17T12:02:17","date_gmt":"2023-11-17T15:02:17","guid":{"rendered":"https:\/\/campusff.ms.gba.gov.ar\/comunidaddea-ff\/?p=2209"},"modified":"2023-12-15T09:12:13","modified_gmt":"2023-12-15T12:12:13","slug":"residencias","status":"publish","type":"post","link":"https:\/\/campusff.ms.gba.gov.ar\/comunidaddea-ff\/2023\/11\/17\/residencias\/","title":{"rendered":"Residencias"},"content":{"rendered":"\n<p>Las Residencias en Red constituye una pol\u00edtica y una orientaci\u00f3n estrat\u00e9gica para el desarrollo de la futura fuerza laboral en toda la red de efectores del Sistema de Salud de la Provincia, contemplando la extensi\u00f3n, la interculturalidad, y la diversidad de necesidades de la misma, cuyo prop\u00f3sito es la<br>formaci\u00f3n integral de profesionales en diversos campos especializados del equipo de salud, para promover un modelo de atenci\u00f3n y cuidado que garantice el derecho a la salud de la poblaci\u00f3n. Actualmente esta conformada por 5459 profesionales en residencias b\u00e1sicas y posb\u00e1sica y m\u00e1s de 800 docentes.<\/p>\n\n\n<div class=\"wp-block-image\">\n<figure class=\"aligncenter size-medium\"><img loading=\"lazy\" decoding=\"async\" width=\"300\" height=\"136\" src=\"https:\/\/campusff.ms.gba.gov.ar\/comunidaddea-ff\/wp-content\/uploads\/sites\/3\/2023\/11\/logo-RESIDENCIAS-color-768x347-1-300x136.jpg\" alt=\"\" class=\"wp-image-2262\" srcset=\"https:\/\/campusff.ms.gba.gov.ar\/comunidaddea-ff\/wp-content\/uploads\/sites\/3\/2023\/11\/logo-RESIDENCIAS-color-768x347-1-300x136.jpg 300w, https:\/\/campusff.ms.gba.gov.ar\/comunidaddea-ff\/wp-content\/uploads\/sites\/3\/2023\/11\/logo-RESIDENCIAS-color-768x347-1.jpg 768w\" sizes=\"auto, (max-width: 300px) 100vw, 300px\" \/><\/figure><\/div>\n\n\n<p><strong>Contacto:<\/strong> dir.formacionyedup.ff@gmail.com<\/p>\n","protected":false},"excerpt":{"rendered":"<p>Las Residencias en Red constituye una pol\u00edtica y una orientaci\u00f3n estrat\u00e9gica para el desarrollo de la futura fuerza laboral en toda la red de efectores del Sistema de Salud de la Provincia, contemplando la extensi\u00f3n, [&hellip;]<\/p>\n","protected":false},"author":4,"featured_media":2262,"comment_status":"closed","ping_status":"open","sticky":false,"template":"","format":"standard","meta":{"footnotes":""},"categories":[51,11],"tags":[28,77,27],"class_list":["post-2209","post","type-post","status-publish","format-standard","has-post-thumbnail","hentry","category-formacion-y-educacion-permanente","category-residencias","tag-educacion","tag-residencias","tag-salud"],"_links":{"self":[{"href":"https:\/\/campusff.ms.gba.gov.ar\/comunidaddea-ff\/wp-json\/wp\/v2\/posts\/2209","targetHints":{"allow":["GET"]}}],"collection":[{"href":"https:\/\/campusff.ms.gba.gov.ar\/comunidaddea-ff\/wp-json\/wp\/v2\/posts"}],"about":[{"href":"https:\/\/campusff.ms.gba.gov.ar\/comunidaddea-ff\/wp-json\/wp\/v2\/types\/post"}],"author":[{"embeddable":true,"href":"https:\/\/campusff.ms.gba.gov.ar\/comunidaddea-ff\/wp-json\/wp\/v2\/users\/4"}],"replies":[{"embeddable":true,"href":"https:\/\/campusff.ms.gba.gov.ar\/comunidaddea-ff\/wp-json\/wp\/v2\/comments?post=2209"}],"version-history":[{"count":2,"href":"https:\/\/campusff.ms.gba.gov.ar\/comunidaddea-ff\/wp-json\/wp\/v2\/posts\/2209\/revisions"}],"predecessor-version":[{"id":2263,"href":"https:\/\/campusff.ms.gba.gov.ar\/comunidaddea-ff\/wp-json\/wp\/v2\/posts\/2209\/revisions\/2263"}],"wp:featuredmedia":[{"embeddable":true,"href":"https:\/\/campusff.ms.gba.gov.ar\/comunidaddea-ff\/wp-json\/wp\/v2\/media\/2262"}],"wp:attachment":[{"href":"https:\/\/campusff.ms.gba.gov.ar\/comunidaddea-ff\/wp-json\/wp\/v2\/media?parent=2209"}],"wp:term":[{"taxonomy":"category","embeddable":true,"href":"https:\/\/campusff.ms.gba.gov.ar\/comunidaddea-ff\/wp-json\/wp\/v2\/categories?post=2209"},{"taxonomy":"post_tag","embeddable":true,"href":"https:\/\/campusff.ms.gba.gov.ar\/comunidaddea-ff\/wp-json\/wp\/v2\/tags?post=2209"}],"curies":[{"name":"wp","href":"https:\/\/api.w.org\/{rel}","templated":true}]}}