{"id":2198,"date":"2023-11-16T13:37:55","date_gmt":"2023-11-16T16:37:55","guid":{"rendered":"https:\/\/campusff.ms.gba.gov.ar\/comunidaddea-ff\/?p=2198"},"modified":"2023-11-16T13:37:56","modified_gmt":"2023-11-16T16:37:56","slug":"curso-superior-en-salud-bucal-colectiva","status":"publish","type":"post","link":"https:\/\/campusff.ms.gba.gov.ar\/comunidaddea-ff\/2023\/11\/16\/curso-superior-en-salud-bucal-colectiva\/","title":{"rendered":"Curso Superior en Salud Bucal Colectiva"},"content":{"rendered":"\n<p><strong>Duraci\u00f3n:<\/strong>Marzo a noviembre.<br><strong>Modalidad:<\/strong>Virtual. Encuentros sincr\u00f3nicos por WebEx y actividades asincr\u00f3nicas en la Plataforma Educativa Virtual (PEV) de la Escuela de Gobierno en Salud \u201cFloreal Ferrara\u201d del Ministerio de Salud.<br><strong>Destinatarios:<\/strong>Gestores provinciales, municipales y de organizaciones comunitarias de salud, integrantes del equipo de salud bucal en el Primer Nivel de Atenci\u00f3n p\u00fablico y\/o hospitales provinciales y municipales y de la seguridad social, integrantes de asociaciones profesionales y no profesionales del campo de la salud p\u00fablica, privada y del sistema de obras sociales.<br><strong>Requisitos de admisi\u00f3n:<\/strong>&nbsp;secundario completo.<br><strong>Objetivos:<\/strong><\/p>\n\n\n\n<ul class=\"wp-block-list\">\n<li>Desarrollar conocimientos del componente bucal de la salud desde la perspectiva de la salud colectiva.<\/li>\n\n\n\n<li>Desarrollar habilidades, competencias y dominios cognoscitivos necesarios para:<\/li>\n\n\n\n<li>Elaborar pol\u00edticas p\u00fablicas, programas, planes y proyectos en salud bucal colectiva.<\/li>\n\n\n\n<li>Realizar an\u00e1lisis sobre los sistemas y servicios de salud bucal.<\/li>\n\n\n\n<li>Generar propuestas innovadoras en las pr\u00e1cticas y modelos de atenci\u00f3n y asistencia; en los diferentes niveles y en especial en atenci\u00f3n primaria de la salud.<\/li>\n\n\n\n<li>Integrar equipos de salud inter, transdisciplinarios e intersectoriales.<\/li>\n\n\n\n<li>Elaborar sistemas de vigilancia epidemiol\u00f3gica.<\/li>\n\n\n\n<li>Construir indicadores para la evaluaci\u00f3n de las pol\u00edticas p\u00fablicas programas planes y proyectos.<\/li>\n<\/ul>\n\n\n\n<p><strong><a href=\"https:\/\/campusff.ms.gba.gov.ar\/comunidaddea-ff\/wp-content\/uploads\/sites\/3\/2023\/11\/Curso-Programa-SaludBucal.pdf\" data-type=\"link\" data-id=\"https:\/\/campusff.ms.gba.gov.ar\/comunidaddea-ff\/wp-content\/uploads\/sites\/3\/2023\/11\/Curso-Programa-SaludBucal.pdf\" target=\"_blank\" rel=\"noreferrer noopener\">Programa<\/a><\/strong><\/p>\n","protected":false},"excerpt":{"rendered":"<p>Duraci\u00f3n:Marzo a noviembre.Modalidad:Virtual. Encuentros sincr\u00f3nicos por WebEx y actividades asincr\u00f3nicas en la Plataforma Educativa Virtual (PEV) de la Escuela de Gobierno en Salud \u201cFloreal Ferrara\u201d del Ministerio de Salud.Destinatarios:Gestores provinciales, municipales y de organizaciones comunitarias [&hellip;]<\/p>\n","protected":false},"author":4,"featured_media":0,"comment_status":"closed","ping_status":"open","sticky":false,"template":"","format":"standard","meta":{"footnotes":""},"categories":[48,49],"tags":[72,68,27,71],"class_list":["post-2198","post","type-post","status-publish","format-standard","hentry","category-curso-superior","category-estudios-de-gobierno-en-salud","tag-colectiva","tag-curso-superior","tag-salud","tag-salud-bucal"],"_links":{"self":[{"href":"https:\/\/campusff.ms.gba.gov.ar\/comunidaddea-ff\/wp-json\/wp\/v2\/posts\/2198","targetHints":{"allow":["GET"]}}],"collection":[{"href":"https:\/\/campusff.ms.gba.gov.ar\/comunidaddea-ff\/wp-json\/wp\/v2\/posts"}],"about":[{"href":"https:\/\/campusff.ms.gba.gov.ar\/comunidaddea-ff\/wp-json\/wp\/v2\/types\/post"}],"author":[{"embeddable":true,"href":"https:\/\/campusff.ms.gba.gov.ar\/comunidaddea-ff\/wp-json\/wp\/v2\/users\/4"}],"replies":[{"embeddable":true,"href":"https:\/\/campusff.ms.gba.gov.ar\/comunidaddea-ff\/wp-json\/wp\/v2\/comments?post=2198"}],"version-history":[{"count":1,"href":"https:\/\/campusff.ms.gba.gov.ar\/comunidaddea-ff\/wp-json\/wp\/v2\/posts\/2198\/revisions"}],"predecessor-version":[{"id":2200,"href":"https:\/\/campusff.ms.gba.gov.ar\/comunidaddea-ff\/wp-json\/wp\/v2\/posts\/2198\/revisions\/2200"}],"wp:attachment":[{"href":"https:\/\/campusff.ms.gba.gov.ar\/comunidaddea-ff\/wp-json\/wp\/v2\/media?parent=2198"}],"wp:term":[{"taxonomy":"category","embeddable":true,"href":"https:\/\/campusff.ms.gba.gov.ar\/comunidaddea-ff\/wp-json\/wp\/v2\/categories?post=2198"},{"taxonomy":"post_tag","embeddable":true,"href":"https:\/\/campusff.ms.gba.gov.ar\/comunidaddea-ff\/wp-json\/wp\/v2\/tags?post=2198"}],"curies":[{"name":"wp","href":"https:\/\/api.w.org\/{rel}","templated":true}]}}