{"id":2187,"date":"2023-11-16T13:31:15","date_gmt":"2023-11-16T16:31:15","guid":{"rendered":"https:\/\/campusff.ms.gba.gov.ar\/comunidaddea-ff\/?p=2187"},"modified":"2023-11-16T13:31:16","modified_gmt":"2023-11-16T16:31:16","slug":"curso-superior-medicina-general-familiar-comunitaria","status":"publish","type":"post","link":"https:\/\/campusff.ms.gba.gov.ar\/comunidaddea-ff\/2023\/11\/16\/curso-superior-medicina-general-familiar-comunitaria\/","title":{"rendered":"Curso Superior Medicina general Familiar Comunitaria"},"content":{"rendered":"\n<p><strong>Duraci\u00f3n:<\/strong>&nbsp;Marzo a septiembre.<br><strong>Modalidad:<\/strong>Virtual a trav\u00e9s de la Plataforma Educativa Virtual (PEV).<br><strong>Destinatarios:<\/strong>&nbsp;Residentes de Medicina General de la Provincia de Buenos Aires (de car\u00e1cter obligatorio para residentes ingresantes al sistema a partir de 2021 y opcional para residentes ingresantes de a\u00f1os anteriores que no lo hubieran cursado previamente, jefes y coordinadores docentes). Tambi\u00e9n son destinatarios\/as profesionales de la medicina que trabajan en APS\/PNA.<br><strong>Requisitos de admisi\u00f3n:<\/strong>Contar con t\u00edtulo universitario de m\u00e9dico\/a, ser residente, jefe o coordinador docente de Medicina General, desempe\u00f1arse como profesional de la medicina en APS\/PNA.<br><strong>Objetivos:<\/strong><\/p>\n\n\n\n<ul class=\"wp-block-list\">\n<li>Aportar a la formaci\u00f3n integral de m\u00e9dicas y m\u00e9dicos que se capacitan y\/o trabajan en APS\/PNA, fortaleciendo un perfil generalista integral y comunitario, desde la promoci\u00f3n del abordaje de situaciones de SEAC seg\u00fan los principios que sostienen el derecho a la salud; y la puesta en pr\u00e1ctica de los ejes transversales que propone la pol\u00edtica p\u00fablica para el fortalecimiento del acceso a la salud de la ciudadan\u00eda bonaerense, mediante la articulaci\u00f3n de aspectos cl\u00ednicos, epidemiol\u00f3gicos, de gesti\u00f3n e investigaci\u00f3n en salud, desde un saber y hacer decolonial.<\/li>\n<\/ul>\n\n\n\n<p><a rel=\"noreferrer noopener\" href=\"https:\/\/campusff.ms.gba.gov.ar\/comunidaddea-ff\/wp-content\/uploads\/sites\/3\/2023\/11\/Curso-Programa-MedicinaFamiliarComunitaria.pdf\" data-type=\"link\" data-id=\"https:\/\/campusff.ms.gba.gov.ar\/comunidaddea-ff\/wp-content\/uploads\/sites\/3\/2023\/11\/Curso-Programa-MedicinaFamiliarComunitaria.pdf\" target=\"_blank\"><strong>Programa<\/strong><\/a><\/p>\n","protected":false},"excerpt":{"rendered":"<p>Duraci\u00f3n:&nbsp;Marzo a septiembre.Modalidad:Virtual a trav\u00e9s de la Plataforma Educativa Virtual (PEV).Destinatarios:&nbsp;Residentes de Medicina General de la Provincia de Buenos Aires (de car\u00e1cter obligatorio para residentes ingresantes al sistema a partir de 2021 y opcional para [&hellip;]<\/p>\n","protected":false},"author":4,"featured_media":0,"comment_status":"closed","ping_status":"open","sticky":false,"template":"","format":"standard","meta":{"footnotes":""},"categories":[48,49],"tags":[69,68],"class_list":["post-2187","post","type-post","status-publish","format-standard","hentry","category-curso-superior","category-estudios-de-gobierno-en-salud","tag-comunitaria","tag-curso-superior"],"_links":{"self":[{"href":"https:\/\/campusff.ms.gba.gov.ar\/comunidaddea-ff\/wp-json\/wp\/v2\/posts\/2187","targetHints":{"allow":["GET"]}}],"collection":[{"href":"https:\/\/campusff.ms.gba.gov.ar\/comunidaddea-ff\/wp-json\/wp\/v2\/posts"}],"about":[{"href":"https:\/\/campusff.ms.gba.gov.ar\/comunidaddea-ff\/wp-json\/wp\/v2\/types\/post"}],"author":[{"embeddable":true,"href":"https:\/\/campusff.ms.gba.gov.ar\/comunidaddea-ff\/wp-json\/wp\/v2\/users\/4"}],"replies":[{"embeddable":true,"href":"https:\/\/campusff.ms.gba.gov.ar\/comunidaddea-ff\/wp-json\/wp\/v2\/comments?post=2187"}],"version-history":[{"count":1,"href":"https:\/\/campusff.ms.gba.gov.ar\/comunidaddea-ff\/wp-json\/wp\/v2\/posts\/2187\/revisions"}],"predecessor-version":[{"id":2189,"href":"https:\/\/campusff.ms.gba.gov.ar\/comunidaddea-ff\/wp-json\/wp\/v2\/posts\/2187\/revisions\/2189"}],"wp:attachment":[{"href":"https:\/\/campusff.ms.gba.gov.ar\/comunidaddea-ff\/wp-json\/wp\/v2\/media?parent=2187"}],"wp:term":[{"taxonomy":"category","embeddable":true,"href":"https:\/\/campusff.ms.gba.gov.ar\/comunidaddea-ff\/wp-json\/wp\/v2\/categories?post=2187"},{"taxonomy":"post_tag","embeddable":true,"href":"https:\/\/campusff.ms.gba.gov.ar\/comunidaddea-ff\/wp-json\/wp\/v2\/tags?post=2187"}],"curies":[{"name":"wp","href":"https:\/\/api.w.org\/{rel}","templated":true}]}}