{"id":2171,"date":"2023-11-16T13:13:51","date_gmt":"2023-11-16T16:13:51","guid":{"rendered":"https:\/\/campusff.ms.gba.gov.ar\/comunidaddea-ff\/?p=2171"},"modified":"2023-11-16T13:13:52","modified_gmt":"2023-11-16T16:13:52","slug":"diplomatura-en-salud-digital","status":"publish","type":"post","link":"https:\/\/campusff.ms.gba.gov.ar\/comunidaddea-ff\/2023\/11\/16\/diplomatura-en-salud-digital\/","title":{"rendered":"Diplomatura en Salud Digital"},"content":{"rendered":"\n<figure class=\"wp-block-image size-full\"><img loading=\"lazy\" decoding=\"async\" width=\"1024\" height=\"1024\" src=\"https:\/\/campusff.ms.gba.gov.ar\/comunidaddea-ff\/wp-content\/uploads\/sites\/3\/2023\/11\/salud-dig.jpg\" alt=\"\" class=\"wp-image-2172\" srcset=\"https:\/\/campusff.ms.gba.gov.ar\/comunidaddea-ff\/wp-content\/uploads\/sites\/3\/2023\/11\/salud-dig.jpg 1024w, https:\/\/campusff.ms.gba.gov.ar\/comunidaddea-ff\/wp-content\/uploads\/sites\/3\/2023\/11\/salud-dig-300x300.jpg 300w, https:\/\/campusff.ms.gba.gov.ar\/comunidaddea-ff\/wp-content\/uploads\/sites\/3\/2023\/11\/salud-dig-150x150.jpg 150w, https:\/\/campusff.ms.gba.gov.ar\/comunidaddea-ff\/wp-content\/uploads\/sites\/3\/2023\/11\/salud-dig-768x768.jpg 768w\" sizes=\"auto, (max-width: 1024px) 100vw, 1024px\" \/><\/figure>\n\n\n\n<p><strong>Duraci\u00f3n:<\/strong>\u00a0abril a septiembre.<br><strong>Modalidad:<\/strong>\u00a0encuentros sincr\u00f3nicos por WebEx y actividades asincr\u00f3nicas por la Plataforma Virtual de Aprendizaje (EVA).<br><strong>Destinatarios:<\/strong>\u00a0direcci\u00f3n, mandos medios y\/o coordinaci\u00f3n de los hospitales bonaerenses.<br><strong>Requisitos de admisi\u00f3n:<\/strong>\u00a0contar con t\u00edtulo de t\u00e9cnicos\/as, licenciados\/as o egresados\/as universitarios que se desempe\u00f1en en el \u00e1mbito de la salud. Cabe aclarar que se identificar\u00e1 a los destinatarios a trav\u00e9s de la Direcci\u00f3n de Hospitales Provinciales.<br><strong>Objetivos:<\/strong><\/p>\n\n\n\n<ul class=\"wp-block-list\">\n<li>Adquirir conocimientos t\u00e9cnicos, espec\u00edficos y competencias gen\u00e9ricas de gesti\u00f3n asertiva para desplegar proyectos de transformaci\u00f3n digital en el marco del Programa Digital de Salud Bonaerense.<\/li>\n\n\n\n<li>Contribuir en la formulaci\u00f3n e implementaci\u00f3n de un plan operativo de implantaci\u00f3n de Historia de Salud Integrada.<\/li>\n<\/ul>\n\n\n\n<p><strong><a href=\"https:\/\/www.ms.gba.gov.ar\/ssps\/capacitacion\/diplomaturas\/Diplo-Programa-SaludDigital.pdf\" data-type=\"link\" data-id=\"https:\/\/www.ms.gba.gov.ar\/ssps\/capacitacion\/diplomaturas\/Diplo-Programa-SaludDigital.pdf\" target=\"_blank\" rel=\"noreferrer noopener\">Programa 2023<\/a><\/strong><\/p>\n","protected":false},"excerpt":{"rendered":"<p>Duraci\u00f3n:\u00a0abril a septiembre.Modalidad:\u00a0encuentros sincr\u00f3nicos por WebEx y actividades asincr\u00f3nicas por la Plataforma Virtual de Aprendizaje (EVA).Destinatarios:\u00a0direcci\u00f3n, mandos medios y\/o coordinaci\u00f3n de los hospitales bonaerenses.Requisitos de admisi\u00f3n:\u00a0contar con t\u00edtulo de t\u00e9cnicos\/as, licenciados\/as o egresados\/as universitarios que [&hellip;]<\/p>\n","protected":false},"author":4,"featured_media":2172,"comment_status":"closed","ping_status":"open","sticky":false,"template":"","format":"standard","meta":{"footnotes":""},"categories":[3,49],"tags":[12,27,67],"class_list":["post-2171","post","type-post","status-publish","format-standard","has-post-thumbnail","hentry","category-diplomaturas","category-estudios-de-gobierno-en-salud","tag-diplomatura","tag-salud","tag-salud-digital"],"_links":{"self":[{"href":"https:\/\/campusff.ms.gba.gov.ar\/comunidaddea-ff\/wp-json\/wp\/v2\/posts\/2171","targetHints":{"allow":["GET"]}}],"collection":[{"href":"https:\/\/campusff.ms.gba.gov.ar\/comunidaddea-ff\/wp-json\/wp\/v2\/posts"}],"about":[{"href":"https:\/\/campusff.ms.gba.gov.ar\/comunidaddea-ff\/wp-json\/wp\/v2\/types\/post"}],"author":[{"embeddable":true,"href":"https:\/\/campusff.ms.gba.gov.ar\/comunidaddea-ff\/wp-json\/wp\/v2\/users\/4"}],"replies":[{"embeddable":true,"href":"https:\/\/campusff.ms.gba.gov.ar\/comunidaddea-ff\/wp-json\/wp\/v2\/comments?post=2171"}],"version-history":[{"count":1,"href":"https:\/\/campusff.ms.gba.gov.ar\/comunidaddea-ff\/wp-json\/wp\/v2\/posts\/2171\/revisions"}],"predecessor-version":[{"id":2173,"href":"https:\/\/campusff.ms.gba.gov.ar\/comunidaddea-ff\/wp-json\/wp\/v2\/posts\/2171\/revisions\/2173"}],"wp:featuredmedia":[{"embeddable":true,"href":"https:\/\/campusff.ms.gba.gov.ar\/comunidaddea-ff\/wp-json\/wp\/v2\/media\/2172"}],"wp:attachment":[{"href":"https:\/\/campusff.ms.gba.gov.ar\/comunidaddea-ff\/wp-json\/wp\/v2\/media?parent=2171"}],"wp:term":[{"taxonomy":"category","embeddable":true,"href":"https:\/\/campusff.ms.gba.gov.ar\/comunidaddea-ff\/wp-json\/wp\/v2\/categories?post=2171"},{"taxonomy":"post_tag","embeddable":true,"href":"https:\/\/campusff.ms.gba.gov.ar\/comunidaddea-ff\/wp-json\/wp\/v2\/tags?post=2171"}],"curies":[{"name":"wp","href":"https:\/\/api.w.org\/{rel}","templated":true}]}}