{"id":2169,"date":"2023-11-16T13:11:46","date_gmt":"2023-11-16T16:11:46","guid":{"rendered":"https:\/\/campusff.ms.gba.gov.ar\/comunidaddea-ff\/?p=2169"},"modified":"2023-11-16T13:11:47","modified_gmt":"2023-11-16T16:11:47","slug":"diplomatura-en-gestion-de-los-conflictos-y-violencias-laborales","status":"publish","type":"post","link":"https:\/\/campusff.ms.gba.gov.ar\/comunidaddea-ff\/2023\/11\/16\/diplomatura-en-gestion-de-los-conflictos-y-violencias-laborales\/","title":{"rendered":"Diplomatura en Gesti\u00f3n de los Conflictos y Violencias Laborales"},"content":{"rendered":"\n<p><strong>Duraci\u00f3n:<\/strong>&nbsp;marzo a diciembre.<br><strong>Modalidad:<\/strong>&nbsp;virtual a trav\u00e9s de la Plataforma Educativa Virtual (PEV).<br><strong>Destinatarios:<\/strong>&nbsp;personal de los equipos de salud que se desempe\u00f1en en el Nivel Central, en las Regiones Sanitarias y trabajadores\/as de los distintos efectores p\u00fablicos de todos los niveles dependientes del Ministerio de Salud y los Municipios de la provincia de Buenos Aires.<br>Requisitos de admisi\u00f3n: desarrollar tareas en el sector salud de la provincia de Buenos Aires.<br><strong>Objetivos:<\/strong><\/p>\n\n\n\n<ul class=\"wp-block-list\">\n<li>Desarrollar una perspectiva cr\u00edtica te\u00f3rica y de abordaje que posibilite la comprensi\u00f3n y an\u00e1lisis de la intervenci\u00f3n en el \u00e1mbito de la salud contribuyendo a la visibilizaci\u00f3n de las violencias.<\/li>\n\n\n\n<li>Favorecer y acompa\u00f1ar la formaci\u00f3n y educaci\u00f3n permanente e integral de los equipos de salud en tem\u00e1ticas vinculadas a las violencias en el campo de la salud.<\/li>\n\n\n\n<li>Ofrecer un proceso formativo que permitir\u00e1 identificar los elementos conceptuales y te\u00f3ricos presentes en el debate interdisciplinario sobre salud y trabajo.<\/li>\n\n\n\n<li>Comprender desde una perspectiva interseccional las violencias por razones de g\u00e9nero teniendo en cuenta las diferentes dimensiones, estructuras y din\u00e1micas que conducen a m\u00faltiples formas de opresi\u00f3n (nacionalidad, etnia, g\u00e9nero y clase), impulsando as\u00ed la reflexi\u00f3n de los mecanismos de privilegio y exclusi\u00f3n.<\/li>\n<\/ul>\n\n\n\n<p><strong><a href=\"https:\/\/www.ms.gba.gov.ar\/ssps\/capacitacion\/diplomaturas\/Diplo-Programa-GestionConflictosViolenciasLaborales.pdf\" data-type=\"link\" data-id=\"https:\/\/www.ms.gba.gov.ar\/ssps\/capacitacion\/diplomaturas\/Diplo-Programa-GestionConflictosViolenciasLaborales.pdf\" target=\"_blank\" rel=\"noreferrer noopener\">Programa 2023<\/a><\/strong><\/p>\n","protected":false},"excerpt":{"rendered":"<p>Duraci\u00f3n:&nbsp;marzo a diciembre.Modalidad:&nbsp;virtual a trav\u00e9s de la Plataforma Educativa Virtual (PEV).Destinatarios:&nbsp;personal de los equipos de salud que se desempe\u00f1en en el Nivel Central, en las Regiones Sanitarias y trabajadores\/as de los distintos efectores p\u00fablicos de [&hellip;]<\/p>\n","protected":false},"author":4,"featured_media":0,"comment_status":"closed","ping_status":"open","sticky":false,"template":"","format":"standard","meta":{"footnotes":""},"categories":[3,49],"tags":[12,27],"class_list":["post-2169","post","type-post","status-publish","format-standard","hentry","category-diplomaturas","category-estudios-de-gobierno-en-salud","tag-diplomatura","tag-salud"],"_links":{"self":[{"href":"https:\/\/campusff.ms.gba.gov.ar\/comunidaddea-ff\/wp-json\/wp\/v2\/posts\/2169","targetHints":{"allow":["GET"]}}],"collection":[{"href":"https:\/\/campusff.ms.gba.gov.ar\/comunidaddea-ff\/wp-json\/wp\/v2\/posts"}],"about":[{"href":"https:\/\/campusff.ms.gba.gov.ar\/comunidaddea-ff\/wp-json\/wp\/v2\/types\/post"}],"author":[{"embeddable":true,"href":"https:\/\/campusff.ms.gba.gov.ar\/comunidaddea-ff\/wp-json\/wp\/v2\/users\/4"}],"replies":[{"embeddable":true,"href":"https:\/\/campusff.ms.gba.gov.ar\/comunidaddea-ff\/wp-json\/wp\/v2\/comments?post=2169"}],"version-history":[{"count":1,"href":"https:\/\/campusff.ms.gba.gov.ar\/comunidaddea-ff\/wp-json\/wp\/v2\/posts\/2169\/revisions"}],"predecessor-version":[{"id":2170,"href":"https:\/\/campusff.ms.gba.gov.ar\/comunidaddea-ff\/wp-json\/wp\/v2\/posts\/2169\/revisions\/2170"}],"wp:attachment":[{"href":"https:\/\/campusff.ms.gba.gov.ar\/comunidaddea-ff\/wp-json\/wp\/v2\/media?parent=2169"}],"wp:term":[{"taxonomy":"category","embeddable":true,"href":"https:\/\/campusff.ms.gba.gov.ar\/comunidaddea-ff\/wp-json\/wp\/v2\/categories?post=2169"},{"taxonomy":"post_tag","embeddable":true,"href":"https:\/\/campusff.ms.gba.gov.ar\/comunidaddea-ff\/wp-json\/wp\/v2\/tags?post=2169"}],"curies":[{"name":"wp","href":"https:\/\/api.w.org\/{rel}","templated":true}]}}