{"id":2167,"date":"2023-11-16T13:09:48","date_gmt":"2023-11-16T16:09:48","guid":{"rendered":"https:\/\/campusff.ms.gba.gov.ar\/comunidaddea-ff\/?p=2167"},"modified":"2023-11-16T13:21:43","modified_gmt":"2023-11-16T16:21:43","slug":"diplomatura-abordaje-integral-de-las-violencias-familiares-y-por-razones-de-genero","status":"publish","type":"post","link":"https:\/\/campusff.ms.gba.gov.ar\/comunidaddea-ff\/2023\/11\/16\/diplomatura-abordaje-integral-de-las-violencias-familiares-y-por-razones-de-genero\/","title":{"rendered":"Diplomatura Abordaje Integral de las Violencias Familiares y por Razones de G\u00e9nero"},"content":{"rendered":"\n<p><strong>Duraci\u00f3n:<\/strong>&nbsp;Marzo a diciembre.<br><strong>Modalidad:<\/strong>&nbsp;Virtual a trav\u00e9s de la Plataforma Educativa Virtual (PEV).<br><strong>Destinatarios:<\/strong>&nbsp;Personal de los equipos de salud que se desempe\u00f1en en el Nivel Central, en las Regiones Sanitarias y trabajadores\/as de los distintos efectores p\u00fablicos de todos los niveles dependientes del Ministerio de Salud y los Municipios de la provincia de Buenos Aires.<br>Requisitos de admisi\u00f3n: desarrollar tareas en el sector salud de la provincia de Buenos Aires.<br><strong>Objetivos:<\/strong><\/p>\n\n\n\n<ul class=\"wp-block-list\">\n<li>Desarrollar una perspectiva cr\u00edtica te\u00f3rica y de abordaje que posibilite la comprensi\u00f3n y an\u00e1lisis de la intervenci\u00f3n profesional en el \u00e1mbito de la salud p\u00fablica contribuyendo a la visibilizaci\u00f3n de las violencias.<\/li>\n\n\n\n<li>Favorecer y acompa\u00f1ar la formaci\u00f3n y educaci\u00f3n permanente e integral de los equipos de salud en tem\u00e1ticas vinculadas a las violencias en el campo de la salud.<\/li>\n\n\n\n<li>Propiciar una mirada cr\u00edtica de los\/as integrantes de los equipos de salud que apunte a transformar los saberes y pr\u00e1cticas desde un enfoque de derechos y perspectiva de g\u00e9nero.<\/li>\n\n\n\n<li>Reflexionar sobre la producci\u00f3n y reproducci\u00f3n social de las violencias en la vida cotidiana de los equipos de salud y su impacto en las pr\u00e1cticas sanitarias.<\/li>\n\n\n\n<li>Ofrecer formaci\u00f3n espec\u00edfica sobre las violencias por razones de g\u00e9nero, las violencias contra ni\u00f1os\/as y adolescentes, y el abordaje integral de varones que ejercen violencias por razones de g\u00e9nero, con el fin de mejorar las pr\u00e1cticas, y en consecuencia transformar el modelo de atenci\u00f3n.<\/li>\n<\/ul>\n\n\n\n<p><strong><a href=\"https:\/\/www.ms.gba.gov.ar\/ssps\/capacitacion\/diplomaturas\/Diplo-Programa-AbordajesIntegralViolenciasFamiliares.pdf\" data-type=\"link\" data-id=\"https:\/\/www.ms.gba.gov.ar\/ssps\/capacitacion\/diplomaturas\/Diplo-Programa-AbordajesIntegralViolenciasFamiliares.pdf\" target=\"_blank\" rel=\"noreferrer noopener\">Programa 2023<\/a><\/strong><\/p>\n","protected":false},"excerpt":{"rendered":"<p>Duraci\u00f3n:&nbsp;Marzo a diciembre.Modalidad:&nbsp;Virtual a trav\u00e9s de la Plataforma Educativa Virtual (PEV).Destinatarios:&nbsp;Personal de los equipos de salud que se desempe\u00f1en en el Nivel Central, en las Regiones Sanitarias y trabajadores\/as de los distintos efectores p\u00fablicos de [&hellip;]<\/p>\n","protected":false},"author":4,"featured_media":0,"comment_status":"closed","ping_status":"open","sticky":false,"template":"","format":"standard","meta":{"footnotes":""},"categories":[3,49],"tags":[12,27,66],"class_list":["post-2167","post","type-post","status-publish","format-standard","hentry","category-diplomaturas","category-estudios-de-gobierno-en-salud","tag-diplomatura","tag-salud","tag-violencias-familiares"],"_links":{"self":[{"href":"https:\/\/campusff.ms.gba.gov.ar\/comunidaddea-ff\/wp-json\/wp\/v2\/posts\/2167","targetHints":{"allow":["GET"]}}],"collection":[{"href":"https:\/\/campusff.ms.gba.gov.ar\/comunidaddea-ff\/wp-json\/wp\/v2\/posts"}],"about":[{"href":"https:\/\/campusff.ms.gba.gov.ar\/comunidaddea-ff\/wp-json\/wp\/v2\/types\/post"}],"author":[{"embeddable":true,"href":"https:\/\/campusff.ms.gba.gov.ar\/comunidaddea-ff\/wp-json\/wp\/v2\/users\/4"}],"replies":[{"embeddable":true,"href":"https:\/\/campusff.ms.gba.gov.ar\/comunidaddea-ff\/wp-json\/wp\/v2\/comments?post=2167"}],"version-history":[{"count":2,"href":"https:\/\/campusff.ms.gba.gov.ar\/comunidaddea-ff\/wp-json\/wp\/v2\/posts\/2167\/revisions"}],"predecessor-version":[{"id":2178,"href":"https:\/\/campusff.ms.gba.gov.ar\/comunidaddea-ff\/wp-json\/wp\/v2\/posts\/2167\/revisions\/2178"}],"wp:attachment":[{"href":"https:\/\/campusff.ms.gba.gov.ar\/comunidaddea-ff\/wp-json\/wp\/v2\/media?parent=2167"}],"wp:term":[{"taxonomy":"category","embeddable":true,"href":"https:\/\/campusff.ms.gba.gov.ar\/comunidaddea-ff\/wp-json\/wp\/v2\/categories?post=2167"},{"taxonomy":"post_tag","embeddable":true,"href":"https:\/\/campusff.ms.gba.gov.ar\/comunidaddea-ff\/wp-json\/wp\/v2\/tags?post=2167"}],"curies":[{"name":"wp","href":"https:\/\/api.w.org\/{rel}","templated":true}]}}