{"id":2158,"date":"2023-11-16T12:52:49","date_gmt":"2023-11-16T15:52:49","guid":{"rendered":"https:\/\/campusff.ms.gba.gov.ar\/comunidaddea-ff\/?p=2158"},"modified":"2023-11-16T13:22:03","modified_gmt":"2023-11-16T16:22:03","slug":"diplomatura-en-atencion-primaria-de-la-salud-y-salud-comunitaria","status":"publish","type":"post","link":"https:\/\/campusff.ms.gba.gov.ar\/comunidaddea-ff\/2023\/11\/16\/diplomatura-en-atencion-primaria-de-la-salud-y-salud-comunitaria\/","title":{"rendered":"Diplomatura en Atenci\u00f3n Primaria de la Salud y Salud Comunitaria"},"content":{"rendered":"\n<p><strong>Duraci\u00f3n:<\/strong>&nbsp;Marzo a diciembre.<br><strong>Modalidad:<\/strong>&nbsp;Encuentros sincr\u00f3nicos por WebEx y actividades asincr\u00f3nicas a trav\u00e9s de la Plataforma Educativa Virtual (PEV).<br><strong>Destinatarios:<\/strong>&nbsp;Trabajadores\/as del Programa Nacional y Provincial de Salud Comunitaria.<br><strong>Requisitos de admisi\u00f3n:<\/strong>&nbsp;Ser becario\/a del Programa Nacional de Salud Comunitaria dependiente de los municipios de la PBA adherentes al mismo, o ser becario\/a de los equipos regionales dependientes de la contraparte provincial del Programa.<br><strong>Objetivos:<\/strong><\/p>\n\n\n\n<ul class=\"wp-block-list\">\n<li>Contribuir a comprender y a abordar la complejidad de las m\u00faltiples dimensiones de la salud de nuestras comunidades, su naturaleza cambiante y las diferentes formas como la APS y la Salud Comunitaria pueden dar respuestas interactivas eficaces a una agenda que se transforma en funci\u00f3n de las necesidades y demandas, de las nuevas tecnolog\u00edas y de los contextos de aplicaci\u00f3n.<\/li>\n<\/ul>\n\n\n\n<p><strong><a href=\"https:\/\/campusff.ms.gba.gov.ar\/comunidaddea-ff\/wp-content\/uploads\/sites\/3\/2023\/11\/Diplo-Programa-AtencionPrimariaSaludComunitaria.pdf\" data-type=\"link\" data-id=\"https:\/\/campusff.ms.gba.gov.ar\/comunidaddea-ff\/wp-content\/uploads\/sites\/3\/2023\/11\/Diplo-Programa-AtencionPrimariaSaludComunitaria.pdf\" target=\"_blank\" rel=\"noreferrer noopener\">Programa 2023<\/a><\/strong><\/p>\n","protected":false},"excerpt":{"rendered":"<p>Duraci\u00f3n:&nbsp;Marzo a diciembre.Modalidad:&nbsp;Encuentros sincr\u00f3nicos por WebEx y actividades asincr\u00f3nicas a trav\u00e9s de la Plataforma Educativa Virtual (PEV).Destinatarios:&nbsp;Trabajadores\/as del Programa Nacional y Provincial de Salud Comunitaria.Requisitos de admisi\u00f3n:&nbsp;Ser becario\/a del Programa Nacional de Salud Comunitaria dependiente [&hellip;]<\/p>\n","protected":false},"author":4,"featured_media":0,"comment_status":"closed","ping_status":"open","sticky":false,"template":"","format":"standard","meta":{"footnotes":""},"categories":[3,49],"tags":[12,27,16],"class_list":["post-2158","post","type-post","status-publish","format-standard","hentry","category-diplomaturas","category-estudios-de-gobierno-en-salud","tag-diplomatura","tag-salud","tag-salud-comunitaria"],"_links":{"self":[{"href":"https:\/\/campusff.ms.gba.gov.ar\/comunidaddea-ff\/wp-json\/wp\/v2\/posts\/2158","targetHints":{"allow":["GET"]}}],"collection":[{"href":"https:\/\/campusff.ms.gba.gov.ar\/comunidaddea-ff\/wp-json\/wp\/v2\/posts"}],"about":[{"href":"https:\/\/campusff.ms.gba.gov.ar\/comunidaddea-ff\/wp-json\/wp\/v2\/types\/post"}],"author":[{"embeddable":true,"href":"https:\/\/campusff.ms.gba.gov.ar\/comunidaddea-ff\/wp-json\/wp\/v2\/users\/4"}],"replies":[{"embeddable":true,"href":"https:\/\/campusff.ms.gba.gov.ar\/comunidaddea-ff\/wp-json\/wp\/v2\/comments?post=2158"}],"version-history":[{"count":2,"href":"https:\/\/campusff.ms.gba.gov.ar\/comunidaddea-ff\/wp-json\/wp\/v2\/posts\/2158\/revisions"}],"predecessor-version":[{"id":2179,"href":"https:\/\/campusff.ms.gba.gov.ar\/comunidaddea-ff\/wp-json\/wp\/v2\/posts\/2158\/revisions\/2179"}],"wp:attachment":[{"href":"https:\/\/campusff.ms.gba.gov.ar\/comunidaddea-ff\/wp-json\/wp\/v2\/media?parent=2158"}],"wp:term":[{"taxonomy":"category","embeddable":true,"href":"https:\/\/campusff.ms.gba.gov.ar\/comunidaddea-ff\/wp-json\/wp\/v2\/categories?post=2158"},{"taxonomy":"post_tag","embeddable":true,"href":"https:\/\/campusff.ms.gba.gov.ar\/comunidaddea-ff\/wp-json\/wp\/v2\/tags?post=2158"}],"curies":[{"name":"wp","href":"https:\/\/api.w.org\/{rel}","templated":true}]}}