{"id":2149,"date":"2023-11-16T12:48:16","date_gmt":"2023-11-16T15:48:16","guid":{"rendered":"https:\/\/campusff.ms.gba.gov.ar\/comunidaddea-ff\/?p=2149"},"modified":"2023-12-01T12:52:09","modified_gmt":"2023-12-01T15:52:09","slug":"diplomatura-en-pediatria-social-cuidados-derechos-y-aprendizajes","status":"publish","type":"post","link":"https:\/\/campusff.ms.gba.gov.ar\/comunidaddea-ff\/2023\/11\/16\/diplomatura-en-pediatria-social-cuidados-derechos-y-aprendizajes\/","title":{"rendered":"Diplomatura en Pediatr\u00eda Social: Cuidados, Derechos y Aprendizajes"},"content":{"rendered":"\n<figure class=\"wp-block-image size-full\"><img loading=\"lazy\" decoding=\"async\" width=\"1024\" height=\"1024\" src=\"https:\/\/campusff.ms.gba.gov.ar\/comunidaddea-ff\/wp-content\/uploads\/sites\/3\/2023\/05\/pediatria.jpg\" alt=\"\" class=\"wp-image-1803\" srcset=\"https:\/\/campusff.ms.gba.gov.ar\/comunidaddea-ff\/wp-content\/uploads\/sites\/3\/2023\/05\/pediatria.jpg 1024w, https:\/\/campusff.ms.gba.gov.ar\/comunidaddea-ff\/wp-content\/uploads\/sites\/3\/2023\/05\/pediatria-300x300.jpg 300w, https:\/\/campusff.ms.gba.gov.ar\/comunidaddea-ff\/wp-content\/uploads\/sites\/3\/2023\/05\/pediatria-150x150.jpg 150w, https:\/\/campusff.ms.gba.gov.ar\/comunidaddea-ff\/wp-content\/uploads\/sites\/3\/2023\/05\/pediatria-768x768.jpg 768w, https:\/\/campusff.ms.gba.gov.ar\/comunidaddea-ff\/wp-content\/uploads\/sites\/3\/2023\/05\/pediatria-730x730.jpg 730w, https:\/\/campusff.ms.gba.gov.ar\/comunidaddea-ff\/wp-content\/uploads\/sites\/3\/2023\/05\/pediatria-365x365.jpg 365w, https:\/\/campusff.ms.gba.gov.ar\/comunidaddea-ff\/wp-content\/uploads\/sites\/3\/2023\/05\/pediatria-600x600.jpg 600w\" sizes=\"auto, (max-width: 1024px) 100vw, 1024px\" \/><\/figure>\n\n\n\n<p><strong>Duraci\u00f3n:<\/strong>\u00a0Marzo a noviembre.<br><strong>Modalidad:<\/strong>\u00a0Virtual<br><strong>Destinatarios:<\/strong>\u00a0Profesionales y trabajadores del sistema p\u00fablico de salud de la provincia de Buenos Aires de diferentes disciplinas, Regiones Sanitarias y los distintos niveles de atenci\u00f3n en salud.<br>Requisitos de admisi\u00f3n: poseer t\u00edtulo de grado universitario. Para acceder a la titulaci\u00f3n de Curso Superior se deber\u00e1 poseer t\u00edtulo de nivel medio, polimodal o t\u00e9cnico en cualquiera de sus modalidades, otorgado por instituciones reconocidas de gesti\u00f3n oficial y\/o privada.<br><strong>Objetivos:<\/strong><\/p>\n\n\n\n<ul class=\"wp-block-list\">\n<li>Contribuir a la educaci\u00f3n permanente de los\/as trabajadores\/as de distintos \u00e1mbitos de la Provincia de Buenos Aires en el abordaje de problem\u00e1ticas frecuentes y complejas en salud que se presentan en nuestra pr\u00e1ctica cotidiana con NNyA.<\/li>\n\n\n\n<li>Propiciar la reflexi\u00f3n singular, grupal y colectiva acerca de las m\u00faltiples dimensiones biol\u00f3gicas, psicol\u00f3gicas, socioecon\u00f3micas, culturales, de g\u00e9neros, entre otras, del Derecho a la Salud en el marco de la efectiva implementaci\u00f3n de la Convenci\u00f3n Internacional de Derechos del Ni\u00f1o en contextos diversos.<\/li>\n\n\n\n<li>Promover un an\u00e1lisis propositivo del proceso salud-enfermedad-atenci\u00f3n\/cuidado de NNyA a partir de la reflexi\u00f3n sobre nuestras propias pr\u00e1cticas y la incorporaci\u00f3n de otros saberes y herramientas.<\/li>\n\n\n\n<li>Valorar la importancia del trabajo interdisciplinario e intersectorial para el abordaje de la complejidad en todos los niveles de atenci\u00f3n en salud, recuperando trayectorias y experiencias en nuestros lugares de trabajo.<\/li>\n<\/ul>\n\n\n\n<p><strong>Contacto:<\/strong> diplopediatriasocial.ff@gmail.com<\/p>\n\n\n\n<p><strong><a href=\"https:\/\/campusff.ms.gba.gov.ar\/comunidaddea-ff\/wp-content\/uploads\/sites\/3\/2023\/11\/Diplo-Programa-PediatriaSocial.pdf\" data-type=\"link\" data-id=\"https:\/\/campusff.ms.gba.gov.ar\/comunidaddea-ff\/wp-content\/uploads\/sites\/3\/2023\/11\/Diplo-Programa-PediatriaSocial.pdf\" target=\"_blank\" rel=\"noreferrer noopener\">Programa 2023<\/a><\/strong><\/p>\n","protected":false},"excerpt":{"rendered":"<p>Duraci\u00f3n:\u00a0Marzo a noviembre.Modalidad:\u00a0VirtualDestinatarios:\u00a0Profesionales y trabajadores del sistema p\u00fablico de salud de la provincia de Buenos Aires de diferentes disciplinas, Regiones Sanitarias y los distintos niveles de atenci\u00f3n en salud.Requisitos de admisi\u00f3n: poseer t\u00edtulo de grado [&hellip;]<\/p>\n","protected":false},"author":4,"featured_media":1803,"comment_status":"closed","ping_status":"open","sticky":false,"template":"","format":"standard","meta":{"footnotes":""},"categories":[3,49],"tags":[12,62,27],"class_list":["post-2149","post","type-post","status-publish","format-standard","has-post-thumbnail","hentry","category-diplomaturas","category-estudios-de-gobierno-en-salud","tag-diplomatura","tag-pediatria-social","tag-salud"],"_links":{"self":[{"href":"https:\/\/campusff.ms.gba.gov.ar\/comunidaddea-ff\/wp-json\/wp\/v2\/posts\/2149","targetHints":{"allow":["GET"]}}],"collection":[{"href":"https:\/\/campusff.ms.gba.gov.ar\/comunidaddea-ff\/wp-json\/wp\/v2\/posts"}],"about":[{"href":"https:\/\/campusff.ms.gba.gov.ar\/comunidaddea-ff\/wp-json\/wp\/v2\/types\/post"}],"author":[{"embeddable":true,"href":"https:\/\/campusff.ms.gba.gov.ar\/comunidaddea-ff\/wp-json\/wp\/v2\/users\/4"}],"replies":[{"embeddable":true,"href":"https:\/\/campusff.ms.gba.gov.ar\/comunidaddea-ff\/wp-json\/wp\/v2\/comments?post=2149"}],"version-history":[{"count":4,"href":"https:\/\/campusff.ms.gba.gov.ar\/comunidaddea-ff\/wp-json\/wp\/v2\/posts\/2149\/revisions"}],"predecessor-version":[{"id":2238,"href":"https:\/\/campusff.ms.gba.gov.ar\/comunidaddea-ff\/wp-json\/wp\/v2\/posts\/2149\/revisions\/2238"}],"wp:featuredmedia":[{"embeddable":true,"href":"https:\/\/campusff.ms.gba.gov.ar\/comunidaddea-ff\/wp-json\/wp\/v2\/media\/1803"}],"wp:attachment":[{"href":"https:\/\/campusff.ms.gba.gov.ar\/comunidaddea-ff\/wp-json\/wp\/v2\/media?parent=2149"}],"wp:term":[{"taxonomy":"category","embeddable":true,"href":"https:\/\/campusff.ms.gba.gov.ar\/comunidaddea-ff\/wp-json\/wp\/v2\/categories?post=2149"},{"taxonomy":"post_tag","embeddable":true,"href":"https:\/\/campusff.ms.gba.gov.ar\/comunidaddea-ff\/wp-json\/wp\/v2\/tags?post=2149"}],"curies":[{"name":"wp","href":"https:\/\/api.w.org\/{rel}","templated":true}]}}