{"id":2139,"date":"2023-11-16T12:40:58","date_gmt":"2023-11-16T15:40:58","guid":{"rendered":"https:\/\/campusff.ms.gba.gov.ar\/comunidaddea-ff\/?p=2139"},"modified":"2023-11-16T13:24:12","modified_gmt":"2023-11-16T16:24:12","slug":"diplomatura-de-equidad-de-genero-en-salud","status":"publish","type":"post","link":"https:\/\/campusff.ms.gba.gov.ar\/comunidaddea-ff\/2023\/11\/16\/diplomatura-de-equidad-de-genero-en-salud\/","title":{"rendered":"Diplomatura de Equidad de G\u00e9nero en Salud"},"content":{"rendered":"\n<figure class=\"wp-block-image size-large\"><img loading=\"lazy\" decoding=\"async\" width=\"1024\" height=\"1024\" src=\"https:\/\/campusff.ms.gba.gov.ar\/comunidaddea-ff\/wp-content\/uploads\/sites\/3\/2023\/11\/equidad-2023-1024x1024.jpg\" alt=\"\" class=\"wp-image-2174\" srcset=\"https:\/\/campusff.ms.gba.gov.ar\/comunidaddea-ff\/wp-content\/uploads\/sites\/3\/2023\/11\/equidad-2023-1024x1024.jpg 1024w, https:\/\/campusff.ms.gba.gov.ar\/comunidaddea-ff\/wp-content\/uploads\/sites\/3\/2023\/11\/equidad-2023-300x300.jpg 300w, https:\/\/campusff.ms.gba.gov.ar\/comunidaddea-ff\/wp-content\/uploads\/sites\/3\/2023\/11\/equidad-2023-150x150.jpg 150w, https:\/\/campusff.ms.gba.gov.ar\/comunidaddea-ff\/wp-content\/uploads\/sites\/3\/2023\/11\/equidad-2023-768x767.jpg 768w, https:\/\/campusff.ms.gba.gov.ar\/comunidaddea-ff\/wp-content\/uploads\/sites\/3\/2023\/11\/equidad-2023.jpg 1440w\" sizes=\"auto, (max-width: 1024px) 100vw, 1024px\" \/><\/figure>\n\n\n\n<p><strong>Duraci\u00f3n:<\/strong>&nbsp;Abril a octubre.<br><strong>Modalidad:<\/strong>&nbsp;virtual. Encuentros sincr\u00f3nicos por WebEx y actividades asincr\u00f3nicas en la Plataforma Educativa Virtual (PEV).<br><strong>Destinatarios:<\/strong>&nbsp;integrantes de equipos de salud que trabajan en establecimientos del sistema de salud de la Provincia de Buenos Aires. Especialmente a trabajadoras\/es que se dedican a la atenci\u00f3n de las personas con capacidad de gestar en sus procesos de salud sexual y (no) reproductiva, de embarazo, parto, puerperio y aborto, y del acceso a la salud de la poblaci\u00f3n LGBTINB+. Referentes de programas\/ l\u00edneas de abordaje de maternidad y salud perinatal, salud sexual y diversidad de todo el territorio provincial. Referentes de organizaciones de la comunidad. Docentes \/ Formadores con articulaci\u00f3n territorial.<br><strong>Requisitos de admisi\u00f3n:<\/strong>&nbsp;sin restricciones.<br><strong>Objetivos:<\/strong><\/p>\n\n\n\n<ul class=\"wp-block-list\">\n<li>Construir un pensar colectivo y praxis feministas para la gesti\u00f3n en salud.<\/li>\n\n\n\n<li>Transversalizar la perspectiva de g\u00e9neros y derechos humanos en las pr\u00e1cticas de salud.<\/li>\n\n\n\n<li>Problematizar aspectos del modelo organizacional hegem\u00f3nico, y las pr\u00e1cticas en salud desde un enfoque interseccional y de equidad de g\u00e9nero.Construir un conocimiento situado que permita la reflexi\u00f3n sobre las pr\u00e1cticas y saberes que cada participante trae.<\/li>\n\n\n\n<li>Desarrollar un pensamiento estrat\u00e9gico para dise\u00f1ar e implementar pol\u00edticas de gesti\u00f3n feminista en salud.<\/li>\n\n\n\n<li>Dise\u00f1ar estrategias que \u2013desde estas miradas\u2013 contribuyan a producir cambios sustantivos en la atenci\u00f3n en salud que desde diferentes espacios se brinda, reconociendo a \u00e9sta como un derecho humano.<\/li>\n<\/ul>\n\n\n\n<p><strong><a href=\"https:\/\/campusff.ms.gba.gov.ar\/comunidaddea-ff\/wp-content\/uploads\/sites\/3\/2023\/11\/Diplo-Programa-EquidadGeneroSalud2023.pdf\" data-type=\"link\" data-id=\"https:\/\/campusff.ms.gba.gov.ar\/comunidaddea-ff\/wp-content\/uploads\/sites\/3\/2023\/11\/Diplo-Programa-EquidadGeneroSalud2023.pdf\" target=\"_blank\" rel=\"noreferrer noopener\">Programa 2023<\/a><\/strong><\/p>\n","protected":false},"excerpt":{"rendered":"<p>Duraci\u00f3n:&nbsp;Abril a octubre.Modalidad:&nbsp;virtual. Encuentros sincr\u00f3nicos por WebEx y actividades asincr\u00f3nicas en la Plataforma Educativa Virtual (PEV).Destinatarios:&nbsp;integrantes de equipos de salud que trabajan en establecimientos del sistema de salud de la Provincia de Buenos Aires. Especialmente [&hellip;]<\/p>\n","protected":false},"author":4,"featured_media":2174,"comment_status":"closed","ping_status":"open","sticky":false,"template":"","format":"standard","meta":{"footnotes":""},"categories":[3,49],"tags":[12,59,58,27],"class_list":["post-2139","post","type-post","status-publish","format-standard","has-post-thumbnail","hentry","category-diplomaturas","category-estudios-de-gobierno-en-salud","tag-diplomatura","tag-equidad","tag-genero","tag-salud"],"_links":{"self":[{"href":"https:\/\/campusff.ms.gba.gov.ar\/comunidaddea-ff\/wp-json\/wp\/v2\/posts\/2139","targetHints":{"allow":["GET"]}}],"collection":[{"href":"https:\/\/campusff.ms.gba.gov.ar\/comunidaddea-ff\/wp-json\/wp\/v2\/posts"}],"about":[{"href":"https:\/\/campusff.ms.gba.gov.ar\/comunidaddea-ff\/wp-json\/wp\/v2\/types\/post"}],"author":[{"embeddable":true,"href":"https:\/\/campusff.ms.gba.gov.ar\/comunidaddea-ff\/wp-json\/wp\/v2\/users\/4"}],"replies":[{"embeddable":true,"href":"https:\/\/campusff.ms.gba.gov.ar\/comunidaddea-ff\/wp-json\/wp\/v2\/comments?post=2139"}],"version-history":[{"count":3,"href":"https:\/\/campusff.ms.gba.gov.ar\/comunidaddea-ff\/wp-json\/wp\/v2\/posts\/2139\/revisions"}],"predecessor-version":[{"id":2186,"href":"https:\/\/campusff.ms.gba.gov.ar\/comunidaddea-ff\/wp-json\/wp\/v2\/posts\/2139\/revisions\/2186"}],"wp:featuredmedia":[{"embeddable":true,"href":"https:\/\/campusff.ms.gba.gov.ar\/comunidaddea-ff\/wp-json\/wp\/v2\/media\/2174"}],"wp:attachment":[{"href":"https:\/\/campusff.ms.gba.gov.ar\/comunidaddea-ff\/wp-json\/wp\/v2\/media?parent=2139"}],"wp:term":[{"taxonomy":"category","embeddable":true,"href":"https:\/\/campusff.ms.gba.gov.ar\/comunidaddea-ff\/wp-json\/wp\/v2\/categories?post=2139"},{"taxonomy":"post_tag","embeddable":true,"href":"https:\/\/campusff.ms.gba.gov.ar\/comunidaddea-ff\/wp-json\/wp\/v2\/tags?post=2139"}],"curies":[{"name":"wp","href":"https:\/\/api.w.org\/{rel}","templated":true}]}}