{"id":2131,"date":"2023-11-16T12:42:42","date_gmt":"2023-11-16T15:42:42","guid":{"rendered":"https:\/\/campusff.ms.gba.gov.ar\/comunidaddea-ff\/?p=2131"},"modified":"2023-11-16T13:23:25","modified_gmt":"2023-11-16T16:23:25","slug":"diplomatura-en-liderazgo-y-gestion-en-el-campo-de-la-enfermeria-con-perspectiva-estrategica","status":"publish","type":"post","link":"https:\/\/campusff.ms.gba.gov.ar\/comunidaddea-ff\/2023\/11\/16\/diplomatura-en-liderazgo-y-gestion-en-el-campo-de-la-enfermeria-con-perspectiva-estrategica\/","title":{"rendered":"Diplomatura en Liderazgo y Gesti\u00f3n en el campo de la Enfermer\u00eda con perspectiva estrat\u00e9gica"},"content":{"rendered":"\n<figure class=\"wp-block-image size-large\"><img loading=\"lazy\" decoding=\"async\" width=\"1024\" height=\"1024\" src=\"https:\/\/campusff.ms.gba.gov.ar\/comunidaddea-ff\/wp-content\/uploads\/sites\/3\/2023\/11\/estrategica-2023-1024x1024.jpg\" alt=\"\" class=\"wp-image-2175\" srcset=\"https:\/\/campusff.ms.gba.gov.ar\/comunidaddea-ff\/wp-content\/uploads\/sites\/3\/2023\/11\/estrategica-2023-1024x1024.jpg 1024w, https:\/\/campusff.ms.gba.gov.ar\/comunidaddea-ff\/wp-content\/uploads\/sites\/3\/2023\/11\/estrategica-2023-300x300.jpg 300w, https:\/\/campusff.ms.gba.gov.ar\/comunidaddea-ff\/wp-content\/uploads\/sites\/3\/2023\/11\/estrategica-2023-150x150.jpg 150w, https:\/\/campusff.ms.gba.gov.ar\/comunidaddea-ff\/wp-content\/uploads\/sites\/3\/2023\/11\/estrategica-2023-768x768.jpg 768w, https:\/\/campusff.ms.gba.gov.ar\/comunidaddea-ff\/wp-content\/uploads\/sites\/3\/2023\/11\/estrategica-2023.jpg 1080w\" sizes=\"auto, (max-width: 1024px) 100vw, 1024px\" \/><\/figure>\n\n\n\n<p><strong>Duraci\u00f3n:<\/strong>&nbsp;abril a diciembre.<br><strong>Modalidad:<\/strong>&nbsp;virtual. Encuentros sincr\u00f3nicos por WebEx y actividades asincr\u00f3nicas en la Plataforma Educativa Virtual (PEV).<br><strong>Destinatarios:<\/strong>&nbsp;egresadas\/os de una carrera de formaci\u00f3n superior tales como enfermer\u00eda profesional, enfermer\u00eda universitaria y\/o licenciatura en enfermer\u00eda.<br><strong>Requisitos de admisi\u00f3n:<\/strong>&nbsp;sin restricciones.<br><strong>Objetivos:<\/strong><\/p>\n\n\n\n<ul class=\"wp-block-list\">\n<li>Contribuir en la formaci\u00f3n de t\u00e9cnicos y profesionales de alto nivel con capacidades de aplicar los conocimientos adquiridos para el desarrollo de actividades de dise\u00f1o,<br>planificaci\u00f3n, gesti\u00f3n y evaluaci\u00f3n de pol\u00edticas, programas y acciones encaminadas a promover el desarrollo del perfil profesional de enfermer\u00eda en gesti\u00f3n del cuidado y pensamiento estrat\u00e9gico.<\/li>\n\n\n\n<li>Proporcionar conocimientos te\u00f3rico-metodol\u00f3gicos para analizar los procesos de gesti\u00f3n del cuidado desde una perspectiva cr\u00edtica e innovadora.<\/li>\n\n\n\n<li>Consolidar un espacio de integraci\u00f3n de la docencia- investigaci\u00f3n-servicios que permita fortalecer las pol\u00edticas p\u00fablicas orientadas a garantizar el derecho a la salud<\/li>\n<\/ul>\n\n\n\n<p><strong><a href=\"https:\/\/campusff.ms.gba.gov.ar\/comunidaddea-ff\/wp-content\/uploads\/sites\/3\/2023\/11\/Diplo-Programa-GestionEstrategica-1.pdf\" data-type=\"link\" data-id=\"https:\/\/campusff.ms.gba.gov.ar\/comunidaddea-ff\/wp-content\/uploads\/sites\/3\/2023\/11\/Diplo-Programa-GestionEstrategica-1.pdf\" target=\"_blank\" rel=\"noreferrer noopener\">Programa 2023<\/a><\/strong><\/p>\n","protected":false},"excerpt":{"rendered":"<p>Duraci\u00f3n:&nbsp;abril a diciembre.Modalidad:&nbsp;virtual. Encuentros sincr\u00f3nicos por WebEx y actividades asincr\u00f3nicas en la Plataforma Educativa Virtual (PEV).Destinatarios:&nbsp;egresadas\/os de una carrera de formaci\u00f3n superior tales como enfermer\u00eda profesional, enfermer\u00eda universitaria y\/o licenciatura en enfermer\u00eda.Requisitos de admisi\u00f3n:&nbsp;sin restricciones.Objetivos: [&hellip;]<\/p>\n","protected":false},"author":4,"featured_media":2175,"comment_status":"closed","ping_status":"open","sticky":false,"template":"","format":"standard","meta":{"footnotes":""},"categories":[3,49],"tags":[12,25],"class_list":["post-2131","post","type-post","status-publish","format-standard","has-post-thumbnail","hentry","category-diplomaturas","category-estudios-de-gobierno-en-salud","tag-diplomatura","tag-enfermeria"],"_links":{"self":[{"href":"https:\/\/campusff.ms.gba.gov.ar\/comunidaddea-ff\/wp-json\/wp\/v2\/posts\/2131","targetHints":{"allow":["GET"]}}],"collection":[{"href":"https:\/\/campusff.ms.gba.gov.ar\/comunidaddea-ff\/wp-json\/wp\/v2\/posts"}],"about":[{"href":"https:\/\/campusff.ms.gba.gov.ar\/comunidaddea-ff\/wp-json\/wp\/v2\/types\/post"}],"author":[{"embeddable":true,"href":"https:\/\/campusff.ms.gba.gov.ar\/comunidaddea-ff\/wp-json\/wp\/v2\/users\/4"}],"replies":[{"embeddable":true,"href":"https:\/\/campusff.ms.gba.gov.ar\/comunidaddea-ff\/wp-json\/wp\/v2\/comments?post=2131"}],"version-history":[{"count":3,"href":"https:\/\/campusff.ms.gba.gov.ar\/comunidaddea-ff\/wp-json\/wp\/v2\/posts\/2131\/revisions"}],"predecessor-version":[{"id":2184,"href":"https:\/\/campusff.ms.gba.gov.ar\/comunidaddea-ff\/wp-json\/wp\/v2\/posts\/2131\/revisions\/2184"}],"wp:featuredmedia":[{"embeddable":true,"href":"https:\/\/campusff.ms.gba.gov.ar\/comunidaddea-ff\/wp-json\/wp\/v2\/media\/2175"}],"wp:attachment":[{"href":"https:\/\/campusff.ms.gba.gov.ar\/comunidaddea-ff\/wp-json\/wp\/v2\/media?parent=2131"}],"wp:term":[{"taxonomy":"category","embeddable":true,"href":"https:\/\/campusff.ms.gba.gov.ar\/comunidaddea-ff\/wp-json\/wp\/v2\/categories?post=2131"},{"taxonomy":"post_tag","embeddable":true,"href":"https:\/\/campusff.ms.gba.gov.ar\/comunidaddea-ff\/wp-json\/wp\/v2\/tags?post=2131"}],"curies":[{"name":"wp","href":"https:\/\/api.w.org\/{rel}","templated":true}]}}