{"id":2128,"date":"2023-11-16T12:08:07","date_gmt":"2023-11-16T15:08:07","guid":{"rendered":"https:\/\/campusff.ms.gba.gov.ar\/comunidaddea-ff\/?p=2128"},"modified":"2023-11-16T13:23:59","modified_gmt":"2023-11-16T16:23:59","slug":"diplomatura-en-politicas-publicas-en-salud-mental","status":"publish","type":"post","link":"https:\/\/campusff.ms.gba.gov.ar\/comunidaddea-ff\/2023\/11\/16\/diplomatura-en-politicas-publicas-en-salud-mental\/","title":{"rendered":"Diplomatura de Pol\u00edticas P\u00fablicas en Salud Mental"},"content":{"rendered":"<div class=\"wp-block-image\">\n<figure class=\"aligncenter size-large\"><img loading=\"lazy\" decoding=\"async\" width=\"1024\" height=\"1024\" src=\"https:\/\/campusff.ms.gba.gov.ar\/comunidaddea-ff\/wp-content\/uploads\/sites\/3\/2023\/11\/diplo-sald-3-1024x1024.jpg\" alt=\"\" class=\"wp-image-2161\" srcset=\"https:\/\/campusff.ms.gba.gov.ar\/comunidaddea-ff\/wp-content\/uploads\/sites\/3\/2023\/11\/diplo-sald-3-1024x1024.jpg 1024w, https:\/\/campusff.ms.gba.gov.ar\/comunidaddea-ff\/wp-content\/uploads\/sites\/3\/2023\/11\/diplo-sald-3-300x300.jpg 300w, https:\/\/campusff.ms.gba.gov.ar\/comunidaddea-ff\/wp-content\/uploads\/sites\/3\/2023\/11\/diplo-sald-3-150x150.jpg 150w, https:\/\/campusff.ms.gba.gov.ar\/comunidaddea-ff\/wp-content\/uploads\/sites\/3\/2023\/11\/diplo-sald-3-768x768.jpg 768w, https:\/\/campusff.ms.gba.gov.ar\/comunidaddea-ff\/wp-content\/uploads\/sites\/3\/2023\/11\/diplo-sald-3.jpg 1080w\" sizes=\"auto, (max-width: 1024px) 100vw, 1024px\" \/><\/figure><\/div>\n\n\n<p><strong>Duraci\u00f3n:<\/strong>&nbsp;marzo a octubre.<br><strong>Modalidad:<\/strong>&nbsp;virtual. Encuentros sincr\u00f3nicos por WebEx. Materiales y actividades sincr\u00f3nicas en la Plataforma Educativa Virtual (PEV).<br><strong>Destinatarios:<\/strong>&nbsp;trabajadoras\/es provinciales dependientes del Ministerio de Salud de la Provincia de Buenos Aires vinculados al amplio espectro que la Salud Mental, los consumos problem\u00e1ticos y las violencias en salud representan. Asimismo, reservamos un cupo de inscripciones para los\/las trabajadores\/as que en el marco del Decreto 10\/2021 trabajan articuladamente promoviendo pol\u00edticas integrales desde el Estado, como parte del proceso de jerarquizaci\u00f3n del abordaje de estas problem\u00e1ticas prevalentes en la provincia de Buenos Aires. Los mismos proceden de los siguientes organismos: Ministerio de las Mujeres, Pol\u00edticas de G\u00e9neros y Diversidad Sexual, Ministerio de Producci\u00f3n, Ministerio Ciencia e Innovaci\u00f3n Tecnol\u00f3gica, Ministerio de Desarrollo de la Comunidad, Ministerio de Justicia y Derechos Humanos, Ministerio de Seguridad, Ministerio de Comunicaci\u00f3n P\u00fablica, Ministerio de Trabajo, y la Direcci\u00f3n General de Cultura y Educaci\u00f3n.<br><strong>Requisitos de admisi\u00f3n:<\/strong>&nbsp;sin restricciones.<br><strong>Objetivos:<\/strong><\/p>\n\n\n\n<ul class=\"wp-block-list\">\n<li>Promover el an\u00e1lisis cr\u00edtico sobre la problem\u00e1tica del campo de la salud mental, con el fin de generar estrategias a partir de la diversidad de aportes conceptuales y metodol\u00f3gicos, fruto de la producci\u00f3n e intercambio grupal durante el desarrollo de la diplomatura.<\/li>\n<\/ul>\n\n\n\n<p><strong><a href=\"https:\/\/campusff.ms.gba.gov.ar\/comunidaddea-ff\/wp-content\/uploads\/sites\/3\/2023\/11\/Diplo-Programa-PoliticasPublicasSaludMental3.pdf\" data-type=\"link\" data-id=\"https:\/\/campusff.ms.gba.gov.ar\/comunidaddea-ff\/wp-content\/uploads\/sites\/3\/2023\/11\/Diplo-Programa-PoliticasPublicasSaludMental3.pdf\" target=\"_blank\" rel=\"noreferrer noopener\">Programa 2023<\/a><\/strong><\/p>\n","protected":false},"excerpt":{"rendered":"<p>Duraci\u00f3n:&nbsp;marzo a octubre.Modalidad:&nbsp;virtual. Encuentros sincr\u00f3nicos por WebEx. Materiales y actividades sincr\u00f3nicas en la Plataforma Educativa Virtual (PEV).Destinatarios:&nbsp;trabajadoras\/es provinciales dependientes del Ministerio de Salud de la Provincia de Buenos Aires vinculados al amplio espectro que la [&hellip;]<\/p>\n","protected":false},"author":4,"featured_media":2161,"comment_status":"closed","ping_status":"open","sticky":false,"template":"","format":"standard","meta":{"footnotes":""},"categories":[3],"tags":[12,57],"class_list":["post-2128","post","type-post","status-publish","format-standard","has-post-thumbnail","hentry","category-diplomaturas","tag-diplomatura","tag-salud-mental"],"_links":{"self":[{"href":"https:\/\/campusff.ms.gba.gov.ar\/comunidaddea-ff\/wp-json\/wp\/v2\/posts\/2128","targetHints":{"allow":["GET"]}}],"collection":[{"href":"https:\/\/campusff.ms.gba.gov.ar\/comunidaddea-ff\/wp-json\/wp\/v2\/posts"}],"about":[{"href":"https:\/\/campusff.ms.gba.gov.ar\/comunidaddea-ff\/wp-json\/wp\/v2\/types\/post"}],"author":[{"embeddable":true,"href":"https:\/\/campusff.ms.gba.gov.ar\/comunidaddea-ff\/wp-json\/wp\/v2\/users\/4"}],"replies":[{"embeddable":true,"href":"https:\/\/campusff.ms.gba.gov.ar\/comunidaddea-ff\/wp-json\/wp\/v2\/comments?post=2128"}],"version-history":[{"count":5,"href":"https:\/\/campusff.ms.gba.gov.ar\/comunidaddea-ff\/wp-json\/wp\/v2\/posts\/2128\/revisions"}],"predecessor-version":[{"id":2185,"href":"https:\/\/campusff.ms.gba.gov.ar\/comunidaddea-ff\/wp-json\/wp\/v2\/posts\/2128\/revisions\/2185"}],"wp:featuredmedia":[{"embeddable":true,"href":"https:\/\/campusff.ms.gba.gov.ar\/comunidaddea-ff\/wp-json\/wp\/v2\/media\/2161"}],"wp:attachment":[{"href":"https:\/\/campusff.ms.gba.gov.ar\/comunidaddea-ff\/wp-json\/wp\/v2\/media?parent=2128"}],"wp:term":[{"taxonomy":"category","embeddable":true,"href":"https:\/\/campusff.ms.gba.gov.ar\/comunidaddea-ff\/wp-json\/wp\/v2\/categories?post=2128"},{"taxonomy":"post_tag","embeddable":true,"href":"https:\/\/campusff.ms.gba.gov.ar\/comunidaddea-ff\/wp-json\/wp\/v2\/tags?post=2128"}],"curies":[{"name":"wp","href":"https:\/\/api.w.org\/{rel}","templated":true}]}}