{"id":1924,"date":"2023-09-21T14:28:13","date_gmt":"2023-09-21T17:28:13","guid":{"rendered":"https:\/\/campusff.ms.gba.gov.ar\/comunidaddea-ff\/?p=1924"},"modified":"2023-10-17T07:29:43","modified_gmt":"2023-10-17T10:29:43","slug":"ingreso-carreras-2024","status":"publish","type":"post","link":"https:\/\/campusff.ms.gba.gov.ar\/comunidaddea-ff\/2023\/09\/21\/ingreso-carreras-2024\/","title":{"rendered":"Ingreso carreras 2024"},"content":{"rendered":"<div class=\"wp-block-image\">\n<figure class=\"aligncenter size-full\"><img loading=\"lazy\" decoding=\"async\" width=\"600\" height=\"337\" src=\"https:\/\/campusff.ms.gba.gov.ar\/comunidaddea-ff\/wp-content\/uploads\/sites\/3\/2023\/09\/Banner-Ingreso-2024-600x350-1.jpg\" alt=\"\" class=\"wp-image-1925\" srcset=\"https:\/\/campusff.ms.gba.gov.ar\/comunidaddea-ff\/wp-content\/uploads\/sites\/3\/2023\/09\/Banner-Ingreso-2024-600x350-1.jpg 600w, https:\/\/campusff.ms.gba.gov.ar\/comunidaddea-ff\/wp-content\/uploads\/sites\/3\/2023\/09\/Banner-Ingreso-2024-600x350-1-300x169.jpg 300w\" sizes=\"auto, (max-width: 600px) 100vw, 600px\" \/><\/figure><\/div>\n\n\n<p style=\"font-size:15px\">\u200b<\/p>\n\n\n\n<p style=\"font-size:15px\">Todos los a\u00f1os, la Escuela de Gobierno en Salud \u201cFloreal Ferrara\u201d ofrece su oferta educativa no arancelada como parte de las pol\u00edticas p\u00fablicas de formaci\u00f3n y educaci\u00f3n permanente del Ministerio de Salud de la Provincia de Buenos Aires.<br>La oferta educativa contempla tecnicaturas, cursos y post\u00edtulos, validados a nivel nacional a trav\u00e9s de la Direcci\u00f3n General de Cultura y Educaci\u00f3n de la Provincia de Buenos Aires, y otorgan matr\u00edcula provincial habilitante, seg\u00fan corresponda.<\/p>\n\n\n\n<p style=\"font-size:15px\"><br>Podes mirarla ac\u00e1:<\/p>\n\n\n\n<p style=\"font-size:15px\"><strong><a rel=\"noreferrer noopener\" href=\"https:\/\/www.ms.gba.gov.ar\/sitios\/capacitacion\/inicio\/enfermeria2\/\" target=\"_blank\">Programa Provincial de Desarrollo de Recursos Humanos en Enfermer\u00eda<\/a><\/strong><\/p>\n\n\n\n<p style=\"font-size:15px\"><strong><a rel=\"noreferrer noopener\" href=\"https:\/\/www.ms.gba.gov.ar\/sitios\/capacitacion\/proderthas\/\" target=\"_blank\">Programa Polit\u00e9cnico en Salud<\/a><\/strong><\/p>\n\n\n\n<p>Las Tecnicaturas son carreras de Nivel Superior No Universitario con una duraci\u00f3n de tres (3) a\u00f1os.<br>Los Cursos y la Formaci\u00f3n Profesional Continua (Post\u00edtulos), poseen una duraci\u00f3n de un (1) a\u00f1o.<\/p>\n\n\n\n<p>Pod\u00e9s ver las sedes vigentes en curso: <\/p>\n\n\n\n<p class=\"has-text-align-left\" style=\"font-size:15px\"><a rel=\"noreferrer noopener\" href=\"https:\/\/www.google.com\/maps\/d\/u\/0\/viewer?mid=1Jns-SiNSRLGoZNdd_ZRQLL-RarGFvgL4&amp;ll=-35.893844669830095%2C-59.13181677472776&amp;z=8\" target=\"_blank\">Sedes vigentes<\/a><br><a rel=\"noreferrer noopener\" href=\"https:\/\/www.youtube.com\/playlist?list=PL0AxVuYo8AjDVMP0ee4dyYhSs3MM9s4kJ\" data-type=\"URL\" data-id=\"https:\/\/www.youtube.com\/playlist?list=PL0AxVuYo8AjDVMP0ee4dyYhSs3MM9s4kJ\" target=\"_blank\">Mir\u00e1 el siguiente video para conocer m\u00e1s sobre las carreras.<\/a><\/p>\n\n\n\n<p><\/p>\n\n\n\n<p class=\"has-very-light-gray-background-color has-background has-small-font-size\"><strong>Inscripciones ciclo 2024:&nbsp;<\/strong>1 al 30 de noviembre de 2023.&nbsp;<\/p>\n\n\n\n<p class=\"has-very-light-gray-background-color has-background has-small-font-size\"><strong>Informaci\u00f3n sobre las sedes 2024:<\/strong>\u00a0octubre de 2023.<\/p>\n","protected":false},"excerpt":{"rendered":"<p>\u200b Todos los a\u00f1os, la Escuela de Gobierno en Salud \u201cFloreal Ferrara\u201d ofrece su oferta educativa no arancelada como parte de las pol\u00edticas p\u00fablicas de formaci\u00f3n y educaci\u00f3n permanente del Ministerio de Salud de la [&hellip;]<\/p>\n","protected":false},"author":4,"featured_media":0,"comment_status":"closed","ping_status":"open","sticky":false,"template":"","format":"standard","meta":{"footnotes":""},"categories":[7,48,3,6,49,51,10,11],"tags":[],"class_list":["post-1924","post","type-post","status-publish","format-standard","hentry","category-cebas","category-curso-superior","category-diplomaturas","category-enfermeria","category-estudios-de-gobierno-en-salud","category-formacion-y-educacion-permanente","category-politecnico","category-residencias"],"_links":{"self":[{"href":"https:\/\/campusff.ms.gba.gov.ar\/comunidaddea-ff\/wp-json\/wp\/v2\/posts\/1924","targetHints":{"allow":["GET"]}}],"collection":[{"href":"https:\/\/campusff.ms.gba.gov.ar\/comunidaddea-ff\/wp-json\/wp\/v2\/posts"}],"about":[{"href":"https:\/\/campusff.ms.gba.gov.ar\/comunidaddea-ff\/wp-json\/wp\/v2\/types\/post"}],"author":[{"embeddable":true,"href":"https:\/\/campusff.ms.gba.gov.ar\/comunidaddea-ff\/wp-json\/wp\/v2\/users\/4"}],"replies":[{"embeddable":true,"href":"https:\/\/campusff.ms.gba.gov.ar\/comunidaddea-ff\/wp-json\/wp\/v2\/comments?post=1924"}],"version-history":[{"count":4,"href":"https:\/\/campusff.ms.gba.gov.ar\/comunidaddea-ff\/wp-json\/wp\/v2\/posts\/1924\/revisions"}],"predecessor-version":[{"id":1994,"href":"https:\/\/campusff.ms.gba.gov.ar\/comunidaddea-ff\/wp-json\/wp\/v2\/posts\/1924\/revisions\/1994"}],"wp:attachment":[{"href":"https:\/\/campusff.ms.gba.gov.ar\/comunidaddea-ff\/wp-json\/wp\/v2\/media?parent=1924"}],"wp:term":[{"taxonomy":"category","embeddable":true,"href":"https:\/\/campusff.ms.gba.gov.ar\/comunidaddea-ff\/wp-json\/wp\/v2\/categories?post=1924"},{"taxonomy":"post_tag","embeddable":true,"href":"https:\/\/campusff.ms.gba.gov.ar\/comunidaddea-ff\/wp-json\/wp\/v2\/tags?post=1924"}],"curies":[{"name":"wp","href":"https:\/\/api.w.org\/{rel}","templated":true}]}}