{"id":1885,"date":"2023-08-15T15:23:48","date_gmt":"2023-08-15T18:23:48","guid":{"rendered":"https:\/\/campusff.ms.gba.gov.ar\/comunidaddea-ff\/?p=1885"},"modified":"2023-08-15T15:29:40","modified_gmt":"2023-08-15T18:29:40","slug":"xvii-congreso-latinoamericano-de-medicina-social-y-salud-colectiva-ponencia-mario-rovere","status":"publish","type":"post","link":"https:\/\/campusff.ms.gba.gov.ar\/comunidaddea-ff\/2023\/08\/15\/xvii-congreso-latinoamericano-de-medicina-social-y-salud-colectiva-ponencia-mario-rovere\/","title":{"rendered":"XVII Congreso Latinoamericano de Medicina Social y Salud Colectiva. Ponencia Mario Rovere"},"content":{"rendered":"\n<div class=\"wp-block-image\"><figure class=\"aligncenter size-large is-resized\"><img loading=\"lazy\" decoding=\"async\" src=\"https:\/\/campusff.ms.gba.gov.ar\/comunidaddea-ff\/wp-content\/uploads\/sites\/3\/2023\/08\/361882137_677382417768048_5539345121675983097_n-1024x683.jpg\" alt=\"\" class=\"wp-image-1886\" width=\"512\" height=\"342\" srcset=\"https:\/\/campusff.ms.gba.gov.ar\/comunidaddea-ff\/wp-content\/uploads\/sites\/3\/2023\/08\/361882137_677382417768048_5539345121675983097_n-1024x683.jpg 1024w, https:\/\/campusff.ms.gba.gov.ar\/comunidaddea-ff\/wp-content\/uploads\/sites\/3\/2023\/08\/361882137_677382417768048_5539345121675983097_n-300x200.jpg 300w, https:\/\/campusff.ms.gba.gov.ar\/comunidaddea-ff\/wp-content\/uploads\/sites\/3\/2023\/08\/361882137_677382417768048_5539345121675983097_n-768x512.jpg 768w, https:\/\/campusff.ms.gba.gov.ar\/comunidaddea-ff\/wp-content\/uploads\/sites\/3\/2023\/08\/361882137_677382417768048_5539345121675983097_n-1536x1024.jpg 1536w, https:\/\/campusff.ms.gba.gov.ar\/comunidaddea-ff\/wp-content\/uploads\/sites\/3\/2023\/08\/361882137_677382417768048_5539345121675983097_n.jpg 2048w\" sizes=\"auto, (max-width: 512px) 100vw, 512px\" \/><\/figure><\/div>\n\n\n\n<p><\/p>\n\n\n\n<p class=\"has-text-align-left\">La <strong>Asociaci\u00f3n Latinoamericana de Medicina Social\/Salud Colectiva<\/strong> (ALAMES) es una organizaci\u00f3n acad\u00e9mico-pol\u00edtica, sin fines de lucro, integrada por profesionales y trabajadores del campo de la salud y las ciencias sociales. La misma promueve la corriente de pensamiento cr\u00edtico y contrahegem\u00f3nico en salud colectiva que indaga sobre la complejidad de la determinaci\u00f3n social del proceso de salud enfermedad atenci\u00f3n\/cuidado. <\/p>\n\n\n\n<p>Se constituy\u00f3 formalmente en el a\u00f1o 1984 durante el III Seminario Latinoamericano de Medicina Social, celebrado en Ouro Preto, Brasil y desde entonces cada dos a\u00f1os se realiza un Congreso, se han desarrollado XVI eventos, en este a\u00f1o se realiz\u00f3 en Argentina.<\/p>\n\n\n\n<p>El XVII Congreso Latinoamericano de Medicina Social y Salud Colectiva, se realiz\u00f3 en Buenos Aires, Argentina, entre los d\u00edas 17 y 21 de julio de 2023, se propuso analizar y repensar la reconfiguraci\u00f3n del mundo posibilitando un proceso de di\u00e1logo al compartir experiencias, saberes y nuevas alternativas colectivas e institucionales para alcanzar el efectivo derecho a la salud y la vida.<\/p>\n\n\n\n<p>Concebido como espacio participativo de reflexi\u00f3n y debate entre organizaciones, movimientos sociales, instituciones, profesionales, estudiantes y trabajadores vinculados con el campo de la salud realiz\u00f3 esta convocatoria bajo la tem\u00e1tica<strong> \u201cSindemia, reconfiguraci\u00f3n en el mundo y lucha por el Buen Vivir\u201d.<\/strong><\/p>\n\n\n\n<p>En el marco del mismo se desarrollaron diferentes actividades tanto en las instancias de Precongreso como en el Congreso y modalidades de intervenci\u00f3n: conferencias magistrales, mesas espec\u00edficas, presentaci\u00f3n de ponencias y experiencias, posters, talleres, radio abierta, presentaci\u00f3n de libros, encuentros especiales, etc.<\/p>\n\n\n\n<p>A continuaci\u00f3n compartimos la ponencia de Mario Rovere en el marco del acto de apertura del Congreso Alames, conferencia Juan Cesar Garc\u00eda. <\/p>\n\n\n\n<p><a rel=\"noreferrer noopener\" href=\"https:\/\/campusff.ms.gba.gov.ar\/comunidaddea-ff\/wp-content\/uploads\/sites\/3\/2023\/08\/Conferencia-JC-GARCIA-2023-Mario-Rovere-.pdf\" data-type=\"URL\" data-id=\"https:\/\/campusff.ms.gba.gov.ar\/comunidaddea-ff\/wp-content\/uploads\/sites\/3\/2023\/08\/Conferencia-JC-GARCIA-2023-Mario-Rovere-.pdf\" target=\"_blank\">Acceder a la Conferencia Juan Cesar Garc\u00eda 2023 Mario Rovere<\/a><\/p>\n\n\n\n<p><a rel=\"noreferrer noopener\" href=\"https:\/\/alames.org\/\" data-type=\"URL\" data-id=\"https:\/\/alames.org\/\" target=\"_blank\">M<\/a><a rel=\"noreferrer noopener\" href=\"https:\/\/alames.org\/\" data-type=\"URL\" data-id=\"https:\/\/alames.org\/\" target=\"_blank\">\u00e1s informaci\u00f3n<\/a><\/p>\n","protected":false},"excerpt":{"rendered":"<p>La Asociaci\u00f3n Latinoamericana de Medicina Social\/Salud Colectiva (ALAMES) es una organizaci\u00f3n acad\u00e9mico-pol\u00edtica, sin fines de lucro, integrada por profesionales y trabajadores del campo de la salud y las ciencias sociales. La misma promueve la corriente [&hellip;]<\/p>\n","protected":false},"author":4,"featured_media":1886,"comment_status":"closed","ping_status":"open","sticky":false,"template":"","format":"standard","meta":{"footnotes":""},"categories":[5],"tags":[43,39,45,44],"class_list":["post-1885","post","type-post","status-publish","format-standard","has-post-thumbnail","hentry","category-novedades","tag-congreso-alames","tag-mario-rovere","tag-medicina-social","tag-salud-colectiva"],"_links":{"self":[{"href":"https:\/\/campusff.ms.gba.gov.ar\/comunidaddea-ff\/wp-json\/wp\/v2\/posts\/1885","targetHints":{"allow":["GET"]}}],"collection":[{"href":"https:\/\/campusff.ms.gba.gov.ar\/comunidaddea-ff\/wp-json\/wp\/v2\/posts"}],"about":[{"href":"https:\/\/campusff.ms.gba.gov.ar\/comunidaddea-ff\/wp-json\/wp\/v2\/types\/post"}],"author":[{"embeddable":true,"href":"https:\/\/campusff.ms.gba.gov.ar\/comunidaddea-ff\/wp-json\/wp\/v2\/users\/4"}],"replies":[{"embeddable":true,"href":"https:\/\/campusff.ms.gba.gov.ar\/comunidaddea-ff\/wp-json\/wp\/v2\/comments?post=1885"}],"version-history":[{"count":4,"href":"https:\/\/campusff.ms.gba.gov.ar\/comunidaddea-ff\/wp-json\/wp\/v2\/posts\/1885\/revisions"}],"predecessor-version":[{"id":1923,"href":"https:\/\/campusff.ms.gba.gov.ar\/comunidaddea-ff\/wp-json\/wp\/v2\/posts\/1885\/revisions\/1923"}],"wp:featuredmedia":[{"embeddable":true,"href":"https:\/\/campusff.ms.gba.gov.ar\/comunidaddea-ff\/wp-json\/wp\/v2\/media\/1886"}],"wp:attachment":[{"href":"https:\/\/campusff.ms.gba.gov.ar\/comunidaddea-ff\/wp-json\/wp\/v2\/media?parent=1885"}],"wp:term":[{"taxonomy":"category","embeddable":true,"href":"https:\/\/campusff.ms.gba.gov.ar\/comunidaddea-ff\/wp-json\/wp\/v2\/categories?post=1885"},{"taxonomy":"post_tag","embeddable":true,"href":"https:\/\/campusff.ms.gba.gov.ar\/comunidaddea-ff\/wp-json\/wp\/v2\/tags?post=1885"}],"curies":[{"name":"wp","href":"https:\/\/api.w.org\/{rel}","templated":true}]}}